{"id":1123,"date":"2012-01-28T14:13:28","date_gmt":"2012-01-28T12:13:28","guid":{"rendered":"http:\/\/www.donoso.es\/?p=1123"},"modified":"2012-03-12T00:58:44","modified_gmt":"2012-03-11T22:58:44","slug":"temor-en-el-sector-de-accion-social-y-cooperacion-en-la-perdida-de-las-subvenciones-del-irpf","status":"publish","type":"post","link":"https:\/\/donoso.es\/?p=1123","title":{"rendered":"Temor en el Sector de Acci\u00f3n Social y Cooperaci\u00f3n en la p\u00e9rdida de las subvenciones del IRPF"},"content":{"rendered":"<p style=\"text-align: justify;\">Las principales ONG que operan en Espa\u00f1a temen que si las Comunidades Aut\u00f3nomas se quedan con la competencia de distribuir el dinero recaudado mediante la casilla para fines sociales del IRFP, como ha fallado el Tribunal Supremo en relaci\u00f3n a Catalu\u00f1a, se pierdan fondos para los proyectos tanto de cooperaci\u00f3n como de acci\u00f3n social.<\/p>\n<p style=\"text-align: justify;\">\n<p style=\"text-align: justify;\">En concreto, la sentencia del TS destaca que es competencia del Estado la regulaci\u00f3n de los aspectos centrales de las subvenciones para programas con fines sociales pero \u00abes competencia de la Generalitat su gesti\u00f3n y la tramitaci\u00f3n, resoluci\u00f3n y pago\u00bb.<\/p>\n<p style=\"text-align: justify;\">\n<p style=\"text-align: justify;\">El presidente de la Plataforma del Tercer Sector de Acci\u00f3n Social, Luciano Poyato, ha mostrado su \u00abpreocupaci\u00f3n\u00bb por que el dinero \u00abse pierda o se destine a otros fines\u00bb y ha optado por \u00abmantener un sistema, coordinado por la Administraci\u00f3n General del Estado, que ha demostrado su eficacia\u00bb.<\/p>\n<p style=\"text-align: justify;\">\n<p style=\"text-align: justify;\">En declaraciones a Europa Press, Poyato ha recordado que \u00ablas actuales convocatorias que saca la Administraci\u00f3n General del Estado pasan por un \u00e1mbito consultivo en el que est\u00e1n las ONG\u00bb, por lo que ese dinero se distribuye \u00aben funci\u00f3n de las prioridades\u00bb que existen en torno a la exclusi\u00f3n. \u00abNuestra postura es que si hay algo que viene funcionando, que no se toque ni se paralice\u00bb, ha apostillado.<\/p>\n<p style=\"text-align: justify;\">\n<p style=\"text-align: justify;\">En este sentido, ha se\u00f1alado que \u00abel gran interrogante es que si se transfiere a las CCAA puede ocurrir que el dinero llegue a la autonom\u00eda, vaya a una consejer\u00eda en concreto y no lo saque en concurrencia p\u00fablica para las ONG, aunque ese dinero se destine finalmente a otro tipo de proyectos sociales. De esta forma, seg\u00fan Poyato, se estar\u00eda saltando \u00abun intermediario fundamental\u00bb.<\/p>\n<p style=\"text-align: justify;\">\n<p style=\"text-align: justify;\">Por otro lado, se ha mostrado \u00abpreocupado\u00bb por que \u00abseg\u00fan esta la situaci\u00f3n econ\u00f3mica y financiera de algunas comunidades\u00bb este dinero \u00abno vaya a la finalidad que debe tener y que las ONG vienen reivindicando desde hace much\u00edsimos a\u00f1os\u00bb. \u00abCreemos en el mecanismo actual, que est\u00e1 haciendo que los que son pobres no sean m\u00e1s pobres\u00bb, ha apostillado Poyato, a la vez que insiste en que \u00abel dinero canalizado por las ONG llega siempre a su destino\u00bb.<\/p>\n<p style=\"text-align: justify;\">\n<p style=\"text-align: justify;\">Equilibrar las diferencias entre Comunidades<\/p>\n<p style=\"text-align: justify;\">\n<p style=\"text-align: justify;\">Tambi\u00e9n ha asegurado que \u00ablas convocatorias a nivel estatal equilibran las diferencias econ\u00f3micas entre comunidades aut\u00f3nomas\u00bb. En cualquier caso, el presidente de la Plataforma del Tercer Sector de Acci\u00f3n Social ha advertido de que \u00abno se va a entrar en una guerra con lo territorial\u00bb, ya que muchas de las organizaciones del sector tienen unidades territoriales con gran peso dentro de se esquema organizativo.<\/p>\n<p style=\"text-align: justify;\">\n<p style=\"text-align: justify;\">Otro problema que destaca Poyato es que \u00absi el dinero se descentraliza habr\u00eda un coste de la Administraci\u00f3n General del Estado y despu\u00e9s otro de cada Comunidad Aut\u00f3noma, que deber\u00eda afrontar el gasto derivado de la gesti\u00f3n para la ejecuci\u00f3n de las subvenciones\u00bb. De esta forma, ha sentenciado, se estar\u00eda duplicando la burocracia\u00bb.<\/p>\n<p style=\"text-align: justify;\">\n<p style=\"text-align: justify;\">Por \u00faltimo, ha recordado que para el Tercer Sector de Acci\u00f3n Social la campa\u00f1a del 0,7% es esencial para ayudar al gran abanico de colectivos que las ONG cubren y ha celebrado que \u00abcada a\u00f1o la ciudadan\u00eda tiene una respuesta m\u00e1s clara a la hora de destinar parte de sus impuestos a fines sociales\u00bb.<\/p>\n<p style=\"text-align: justify;\">\n<p style=\"text-align: justify;\">La AECID nunca se retrasa en los pagos<\/p>\n<p style=\"text-align: justify;\">\n<p style=\"text-align: justify;\">Para el presidente de la Coordinadora de ONG de Desarrollo-Espa\u00f1a (CONGDE), Eduardo S\u00e1nchez, hay que tener en cuenta adem\u00e1s, que muchas Comunidades Aut\u00f3nomas tienen retrasos a la hora de ejecutar sus pagos, algo que \u00abnunca\u00bb ha pasado con la Agencia Espa\u00f1ola de Cooperaci\u00f3n Internacional para el Desarrollo (AECID). Esto, seg\u00fan afirma, \u00abpuede hacer que bajen los niveles de calidad en la gesti\u00f3n\u00bb.<\/p>\n<p style=\"text-align: justify;\">\n<p style=\"text-align: justify;\">S\u00e1nchez ha a\u00f1adido que existe la \u00abpreocupaci\u00f3n\u00bb de que unos fondos que ya se est\u00e1n aplicando sean sustituidos por esta nueva partida. \u00abEstamos estudiando con detalle la sentencia y las implicaciones que puede tener, pero lo que tenemos claro es que cualquier cambio, si lo hay, no deber\u00eda suponer que con ese dinero se sustituyan otras subvenciones<\/p>\n<p style=\"text-align: justify;\">\n<p style=\"text-align: justify;\">Por eso, ha se\u00f1alado que se debe exigir \u00abtransparencia, concursos p\u00fablicos e igualdad de oportunidades\u00bb, para que \u00abtodo se destine al fin \u00faltimo\u00bb que es la cooperaci\u00f3n internacional. Asimismo, S\u00e1nchez, ha concretado que existe \u00abun plan director\u00bb en el que se debe abordar una lista de prioridades en cuanto a las aportaciones. Por ello, ha negado que puedan existir m\u00e1s problemas a la hora de coordinarse con las CCAA.<\/p>\n<p style=\"text-align: justify;\">\n<p style=\"text-align: justify;\">El presidente de la CONGDE tambi\u00e9n ha mostrado su temor de que \u00abse pierda\u00bb el dinero si son las Comunidades Aut\u00f3nomas con deudas econ\u00f3micas quienes lo gestionan. En cualquier caso, ha recordado que de lo que se recauda de las casilla del 0,7 \u00abs\u00f3lo se dedica a cooperaci\u00f3n aproximadamente el 20%, unos 50 millones al a\u00f1o\u00bb.<\/p>\n","protected":false},"excerpt":{"rendered":"<p>Las principales ONG que operan en Espa\u00f1a temen que si las Comunidades Aut\u00f3nomas se quedan con la competencia de distribuir el dinero recaudado mediante la casilla para fines sociales del IRFP, como ha fallado el Tribunal Supremo en relaci\u00f3n a Catalu\u00f1a, se pierdan fondos para los proyectos tanto de cooperaci\u00f3n como de acci\u00f3n social. En [&hellip;]<\/p>\n","protected":false},"author":1,"featured_media":0,"comment_status":"open","ping_status":"open","sticky":false,"template":"","format":"standard","meta":{"footnotes":""},"categories":[63],"tags":[65,118,117],"class_list":["post-1123","post","type-post","status-publish","format-standard","hentry","category-entidades-sin-fines-lucrativos","tag-esfl","tag-irpf","tag-subvencion"],"_links":{"self":[{"href":"https:\/\/donoso.es\/index.php?rest_route=\/wp\/v2\/posts\/1123","targetHints":{"allow":["GET"]}}],"collection":[{"href":"https:\/\/donoso.es\/index.php?rest_route=\/wp\/v2\/posts"}],"about":[{"href":"https:\/\/donoso.es\/index.php?rest_route=\/wp\/v2\/types\/post"}],"author":[{"embeddable":true,"href":"https:\/\/donoso.es\/index.php?rest_route=\/wp\/v2\/users\/1"}],"replies":[{"embeddable":true,"href":"https:\/\/donoso.es\/index.php?rest_route=%2Fwp%2Fv2%2Fcomments&post=1123"}],"version-history":[{"count":2,"href":"https:\/\/donoso.es\/index.php?rest_route=\/wp\/v2\/posts\/1123\/revisions"}],"predecessor-version":[{"id":1173,"href":"https:\/\/donoso.es\/index.php?rest_route=\/wp\/v2\/posts\/1123\/revisions\/1173"}],"wp:attachment":[{"href":"https:\/\/donoso.es\/index.php?rest_route=%2Fwp%2Fv2%2Fmedia&parent=1123"}],"wp:term":[{"taxonomy":"category","embeddable":true,"href":"https:\/\/donoso.es\/index.php?rest_route=%2Fwp%2Fv2%2Fcategories&post=1123"},{"taxonomy":"post_tag","embeddable":true,"href":"https:\/\/donoso.es\/index.php?rest_route=%2Fwp%2Fv2%2Ftags&post=1123"}],"curies":[{"name":"wp","href":"https:\/\/api.w.org\/{rel}","templated":true}]}}