{"id":1145,"date":"2012-02-22T19:40:40","date_gmt":"2012-02-22T17:40:40","guid":{"rendered":"http:\/\/www.donoso.es\/?p=1145"},"modified":"2021-02-14T11:58:02","modified_gmt":"2021-02-14T09:58:02","slug":"el-congreso-ve-mas-logico-una-gestion-desde-arriba-para-la-subvencion-del-07-que-una-territorializada","status":"publish","type":"post","link":"https:\/\/donoso.es\/?p=1145","title":{"rendered":"El congreso ve m\u00e1s l\u00f3gico una gesti\u00f3n desde arriba para la subvenci\u00f3n del 0,7% que una territorializada"},"content":{"rendered":"<h3>\u00bfDesde la l\u00f3gica social?<\/h3>\n<p style=\"text-align: justify;\">Parece mucho m\u00e1s l\u00f3gico una gesti\u00f3n conjunta de la subvenci\u00f3n del 0,7%\u00a0 que una territorializada. Prec\u00edsamente estamos hablando de fines sociales, donde se persigue esa labor\u00a0sin que tenga que ver, o al menos as\u00ed lo veo yo, con el territorio donde est\u00e9 domiciliada la persona que hace la declaraci\u00f3n de la renta. Se trata de corregir las externalidades que produce este sistema capitalista all\u00ed donde las necesidades son mayores y, por qu\u00e9 no, de realizar un efecto de redistribuci\u00f3n de qui\u00e9n m\u00e1s tiene a qui\u00e9n m\u00e1s lo necesita. Prec\u00edsamente eso es algo que esta presente en la declaraci\u00f3n de la renta, a mayor nivel de renta, mayor progresividad y mayor contribuci\u00f3n. Este principio que todos defienden resulta que de determinados grupos pol\u00edticos no se ven as\u00ed en el caso de que esas personas pertenezcan a un determinado territorio. Vamos que si es por escoger, y lo que se trata es de \u00abqu\u00e9 hay de lo mio\u00bb, yo elijo que se me aplique la progresividad en mi familia, y que si yo pago m\u00e1s que lo reciban mi mujer, hijos, padres, etc.<\/p>\n<h3>Debate en el pleno del Congreso<\/h3>\n<p style=\"text-align: justify;\">El Pleno del Congreso de los Diputados ha rechazado la propuesta de ERC de exigir al Gobierno su compromiso de territorializar el 0,7 por ciento del IRPF en la declaraci\u00f3n de la renta, la casilla destinada a los fines sociales.<\/p>\n<p style=\"text-align: justify;\">Los republicanos catalanes, que han conseguido 34 votos de respaldo del PNV, CiU, BNG, CC, Geroa Bai y Compromis, pretend\u00edan con esta moci\u00f3n, consecuencia de la interpelaci\u00f3n que el diputado Joan Tard\u00e0 defendi\u00f3 la semana pasada en el Congreso, que se reconozcan estas competencias exclusivas a las comunidades aut\u00f3nomas, despu\u00e9s de las sentencias que as\u00ed lo avalan del Tribunal Constitucional y del Tribunal Supremo, seg\u00fan ha defendido de nuevo Tard\u00e0.<\/p>\n<p style=\"text-align: justify;\">Adem\u00e1s, quer\u00eda que se trasladara esta medida, de com\u00fan acuerdo con las comunidades, a las nuevas convocatorias de r\u00e9gimen general y de 0,7 por ciento del IRPF, para el ejercicio actual, a fin de garantizar a las comunidades con t\u00edtulo competencial fijar las bases para la distribuci\u00f3n y control de los proyectos subvencionados.<\/p>\n<p style=\"text-align: justify;\">En concreto, la sentencia del TC de noviembre de 2011, aunque otorgue la gesti\u00f3n de esos servicios a las corporaciones locales, precisa que es el Estado el que puede determinar el montante que le corresponde a cada comunidad aut\u00f3noma.<\/p>\n<p style=\"text-align: justify;\">Mientras, la sentencia del TS fall\u00f3 a favor de que las comunidades puedan gestionar los recursos destinados a la casilla de los fines sociales en la declaraci\u00f3n de la renta, al estimar un recurso presentado en 2005 por la Generalitat catalana.<\/p>\n<h3 style=\"text-align: justify;\">Dejar las cosas en su sitio<\/h3>\n<p style=\"text-align: justify;\">El diputado del PNV, Pedro Azpiazu, ha se\u00f1alado por su parte que la moci\u00f3n s\u00f3lo pretende \u00abdejar las cosas en su sitio\u00bb y los recursos que se obtengan del 0,7 por ciento sean gestionados por las comunidades aut\u00f3nomas. \u00abDesde el PNV apoyaremos todas aquellas iniciativas en favor del marco competencial\u00bb, ha agregado.<\/p>\n<p style=\"text-align: justify;\">Laia Ortiz, de ICV, que ha condenado la represi\u00f3n a los estudiantes en Valencia se\u00f1alando que el Congreso \u00abno puede mirar hacia otro lado como lo hacen estudiantes valencianos\u00bb, ha indicado que esta propuesta de ERC representa una reivindicaci\u00f3n hist\u00f3rica, adem\u00e1s de que las sentencias del TS y del TC instan al traspaso de una competencia \u00abque debe ser catalana\u00bb.<\/p>\n<p style=\"text-align: justify;\">El diputado de CiU, Carles Campuzano, ha avisado de que ser\u00eda \u00abmuy grave\u00bb si el Gobierno no acata una sentencia del TS, a la vez que ha augurado que habr\u00e1 un d\u00eda en el que los impuestos de los catalanes sean gestionados por los propios catalanes, ya que, en su opini\u00f3n, as\u00ed lo avalan las sentencias y la mayor\u00eda de la sociedad catalana.<\/p>\n<p style=\"text-align: justify;\">Por parte del PP, Matilde Pastora Asian, ha mostrado la satisfacci\u00f3n de su grupo parlamentario ante la moci\u00f3n presentada, en cuanto al acatamiento de la sentencia del Tribunal Constitucional, si bien ha expresado su negativa en cuanto a la transferencia de los fondos del IRPF porque, seg\u00fan ha puntualizado, \u00abconstituyen fondos del Estado y tienen t\u00edtulo competencial suficiente para hacer su programa de acci\u00f3n social en todo el territorio nacional\u00bb.<\/p>\n","protected":false},"excerpt":{"rendered":"<p>\u00bfDesde la l\u00f3gica social? Parece mucho m\u00e1s l\u00f3gico una gesti\u00f3n conjunta de la subvenci\u00f3n del 0,7%\u00a0 que una territorializada. Prec\u00edsamente estamos hablando de fines sociales, donde se persigue esa labor\u00a0sin que tenga que ver, o al menos as\u00ed lo veo yo, con el territorio donde est\u00e9 domiciliada la persona que hace la declaraci\u00f3n de la [&hellip;]<\/p>\n","protected":false},"author":1,"featured_media":0,"comment_status":"open","ping_status":"open","sticky":false,"template":"","format":"standard","meta":{"footnotes":""},"categories":[63],"tags":[118,117],"class_list":["post-1145","post","type-post","status-publish","format-standard","hentry","category-entidades-sin-fines-lucrativos","tag-irpf","tag-subvencion"],"_links":{"self":[{"href":"https:\/\/donoso.es\/index.php?rest_route=\/wp\/v2\/posts\/1145","targetHints":{"allow":["GET"]}}],"collection":[{"href":"https:\/\/donoso.es\/index.php?rest_route=\/wp\/v2\/posts"}],"about":[{"href":"https:\/\/donoso.es\/index.php?rest_route=\/wp\/v2\/types\/post"}],"author":[{"embeddable":true,"href":"https:\/\/donoso.es\/index.php?rest_route=\/wp\/v2\/users\/1"}],"replies":[{"embeddable":true,"href":"https:\/\/donoso.es\/index.php?rest_route=%2Fwp%2Fv2%2Fcomments&post=1145"}],"version-history":[{"count":7,"href":"https:\/\/donoso.es\/index.php?rest_route=\/wp\/v2\/posts\/1145\/revisions"}],"predecessor-version":[{"id":1174,"href":"https:\/\/donoso.es\/index.php?rest_route=\/wp\/v2\/posts\/1145\/revisions\/1174"}],"wp:attachment":[{"href":"https:\/\/donoso.es\/index.php?rest_route=%2Fwp%2Fv2%2Fmedia&parent=1145"}],"wp:term":[{"taxonomy":"category","embeddable":true,"href":"https:\/\/donoso.es\/index.php?rest_route=%2Fwp%2Fv2%2Fcategories&post=1145"},{"taxonomy":"post_tag","embeddable":true,"href":"https:\/\/donoso.es\/index.php?rest_route=%2Fwp%2Fv2%2Ftags&post=1145"}],"curies":[{"name":"wp","href":"https:\/\/api.w.org\/{rel}","templated":true}]}}