{"id":1166,"date":"2012-03-01T00:09:43","date_gmt":"2012-02-29T22:09:43","guid":{"rendered":"http:\/\/www.donoso.es\/?p=1166"},"modified":"2012-03-14T01:10:42","modified_gmt":"2012-03-13T23:10:42","slug":"jornada-sobre-el-nuevo-plan-contable-de-entidades-sin-fines-lucrativos","status":"publish","type":"post","link":"https:\/\/donoso.es\/?p=1166","title":{"rendered":"Jornada sobre el nuevo Plan Contable de Entidades sin fines lucrativos"},"content":{"rendered":"<p style=\"text-align: justify;\">Nueva jornada de formaci\u00f3n del nuevo Plan contable para Entidades sin fines lucrativos.<span class=\"Apple-style-span\" style=\"-webkit-tap-highlight-color: rgba(26, 26, 26, 0.296875); -webkit-composition-fill-color: rgba(175, 192, 227, 0.230469); -webkit-composition-frame-color: rgba(77, 128, 180, 0.230469);\">M\u00e1s de 50 personas con responsabilidad en la gesti\u00f3n econ\u00f3mica y financiera en las ONG han participado en esta jornada sobre la adaptaci\u00f3n del nuevo Plan General Contable para Entidades sin Fines Lucrativos celebradas en el sal\u00f3n de actos de la Fundaci\u00f3n ONCE.<\/span><\/p>\n<p style=\"margin-top: 0px; margin-right: 0px; margin-bottom: 10px; margin-left: 0px; text-align: justify; padding: 0px;\">El presidente de la Plataforma de ONG de Acci\u00f3n Social, Juan Lara, tras su dilatada experiencia profesional en el \u00e1mbito econ\u00f3mico ha introducido estas jornadas que ha contado con la colaboraci\u00f3n especial de dos expertos en la gesti\u00f3n econ\u00f3mica de las ONG, Luis Ure\u00f1a de Caritas Espa\u00f1ola y Juan Jes\u00fas Donoso de Cruz Roja Espa\u00f1ola.<\/p>\n<p style=\"text-align: justify;\">El objetivo de estas jornadas ha sido el de transmitir a los asistentes la importancia de regular el tratamiento contable de las actividades que desarrollan las Entidades sin Fines Lucrativos en un contexto actual donde es m\u00e1s necesario que nunca demostrar la transparencia sobre las actividades que realizan, as\u00ed como sobre el modo y empleo de los recursos y medios que gestionan. Adem\u00e1s, esta adaptaci\u00f3n del Nuevo Plan General Contable, como se\u00f1al\u00f3 Juan Jes\u00fas Donoso, \u00ababrir\u00e1 la puerta para que se interprete en un futuro lo que son nuestras entidades y no lo que no son\u00bb.<\/p>\n<div id='gallery-1' class='gallery galleryid-1166 gallery-columns-3 gallery-size-thumbnail'><dl class='gallery-item'>\n\t\t\t<dt class='gallery-icon landscape'>\n\t\t\t\t<a href='https:\/\/donoso.es\/?attachment_id=1181'><img loading=\"lazy\" decoding=\"async\" width=\"150\" height=\"150\" src=\"https:\/\/donoso.es\/wp-content\/uploads\/2012\/03\/Foto-08-03-12-23-02-04-150x150.jpg\" class=\"attachment-thumbnail size-thumbnail\" alt=\"\" \/><\/a>\n\t\t\t<\/dt><\/dl><dl class='gallery-item'>\n\t\t\t<dt class='gallery-icon landscape'>\n\t\t\t\t<a href='https:\/\/donoso.es\/?attachment_id=1182'><img loading=\"lazy\" decoding=\"async\" width=\"150\" height=\"150\" src=\"https:\/\/donoso.es\/wp-content\/uploads\/2012\/03\/Foto-08-03-12-23-02-22-150x150.jpg\" class=\"attachment-thumbnail size-thumbnail\" alt=\"\" \/><\/a>\n\t\t\t<\/dt><\/dl><dl class='gallery-item'>\n\t\t\t<dt class='gallery-icon landscape'>\n\t\t\t\t<a href='https:\/\/donoso.es\/?attachment_id=1183'><img loading=\"lazy\" decoding=\"async\" width=\"150\" height=\"150\" src=\"https:\/\/donoso.es\/wp-content\/uploads\/2012\/03\/Foto-08-03-12-23-02-43-150x150.jpg\" class=\"attachment-thumbnail size-thumbnail\" alt=\"\" \/><\/a>\n\t\t\t<\/dt><\/dl><br style=\"clear: both\" \/><dl class='gallery-item'>\n\t\t\t<dt class='gallery-icon landscape'>\n\t\t\t\t<a href='https:\/\/donoso.es\/?attachment_id=1184'><img loading=\"lazy\" decoding=\"async\" width=\"150\" height=\"150\" src=\"https:\/\/donoso.es\/wp-content\/uploads\/2012\/03\/Foto-08-03-12-23-02-54-150x150.jpg\" class=\"attachment-thumbnail size-thumbnail\" alt=\"\" \/><\/a>\n\t\t\t<\/dt><\/dl><dl class='gallery-item'>\n\t\t\t<dt class='gallery-icon landscape'>\n\t\t\t\t<a href='https:\/\/donoso.es\/?attachment_id=1185'><img loading=\"lazy\" decoding=\"async\" width=\"150\" height=\"150\" src=\"https:\/\/donoso.es\/wp-content\/uploads\/2012\/03\/Foto-08-03-12-23-03-05-150x150.jpg\" class=\"attachment-thumbnail size-thumbnail\" alt=\"\" \/><\/a>\n\t\t\t<\/dt><\/dl><dl class='gallery-item'>\n\t\t\t<dt class='gallery-icon landscape'>\n\t\t\t\t<a href='https:\/\/donoso.es\/?attachment_id=1186'><img loading=\"lazy\" decoding=\"async\" width=\"150\" height=\"150\" src=\"https:\/\/donoso.es\/wp-content\/uploads\/2012\/03\/Foto-08-03-12-23-03-09-150x150.jpg\" class=\"attachment-thumbnail size-thumbnail\" alt=\"\" \/><\/a>\n\t\t\t<\/dt><\/dl><br style=\"clear: both\" \/>\n\t\t<\/div>\n\n","protected":false},"excerpt":{"rendered":"<p>Nueva jornada de formaci\u00f3n del nuevo Plan contable para Entidades sin fines lucrativos.M\u00e1s de 50 personas con responsabilidad en la gesti\u00f3n econ\u00f3mica y financiera en las ONG han participado en esta jornada sobre la adaptaci\u00f3n del nuevo Plan General Contable para Entidades sin Fines Lucrativos celebradas en el sal\u00f3n de actos de la Fundaci\u00f3n ONCE. [&hellip;]<\/p>\n","protected":false},"author":1,"featured_media":0,"comment_status":"open","ping_status":"open","sticky":false,"template":"","format":"standard","meta":{"footnotes":""},"categories":[63],"tags":[119,65,107,82],"class_list":["post-1166","post","type-post","status-publish","format-standard","hentry","category-entidades-sin-fines-lucrativos","tag-contable","tag-esfl","tag-nuevo-plan-contable","tag-plan"],"_links":{"self":[{"href":"https:\/\/donoso.es\/index.php?rest_route=\/wp\/v2\/posts\/1166","targetHints":{"allow":["GET"]}}],"collection":[{"href":"https:\/\/donoso.es\/index.php?rest_route=\/wp\/v2\/posts"}],"about":[{"href":"https:\/\/donoso.es\/index.php?rest_route=\/wp\/v2\/types\/post"}],"author":[{"embeddable":true,"href":"https:\/\/donoso.es\/index.php?rest_route=\/wp\/v2\/users\/1"}],"replies":[{"embeddable":true,"href":"https:\/\/donoso.es\/index.php?rest_route=%2Fwp%2Fv2%2Fcomments&post=1166"}],"version-history":[{"count":6,"href":"https:\/\/donoso.es\/index.php?rest_route=\/wp\/v2\/posts\/1166\/revisions"}],"predecessor-version":[{"id":1168,"href":"https:\/\/donoso.es\/index.php?rest_route=\/wp\/v2\/posts\/1166\/revisions\/1168"}],"wp:attachment":[{"href":"https:\/\/donoso.es\/index.php?rest_route=%2Fwp%2Fv2%2Fmedia&parent=1166"}],"wp:term":[{"taxonomy":"category","embeddable":true,"href":"https:\/\/donoso.es\/index.php?rest_route=%2Fwp%2Fv2%2Fcategories&post=1166"},{"taxonomy":"post_tag","embeddable":true,"href":"https:\/\/donoso.es\/index.php?rest_route=%2Fwp%2Fv2%2Ftags&post=1166"}],"curies":[{"name":"wp","href":"https:\/\/api.w.org\/{rel}","templated":true}]}}