{"id":1402,"date":"2013-06-29T11:58:41","date_gmt":"2013-06-29T09:58:41","guid":{"rendered":"http:\/\/www.donoso.es\/?p=1402"},"modified":"2021-07-22T09:39:14","modified_gmt":"2021-07-22T07:39:14","slug":"regulacion-de-la-subvencion-del-07-a-cargo-del-irpf-reconocimiento-de-las-entidades-sin-fines-lucrativos-como-colaboradoras-de-las-administraciones-publicas","status":"publish","type":"post","link":"https:\/\/donoso.es\/?p=1402","title":{"rendered":"Regulaci\u00f3n de la subvenci\u00f3n del 0,7% a cargo del IRPF. Reconocimiento de las entidades sin fines lucrativos como colaboradoras de las Administraciones P\u00fablicas"},"content":{"rendered":"<p>El Gobierno ha dado el visto bueno al real decreto ley que regula los fines de inter\u00e9s general a que ir\u00e1 destinado el 0,7% de la cuota tributaria del Impuesto sobre la Renta de las Personas F\u00edsicas.<\/p>\n<p>El texto establece que aquellos fines a los que se destina la citada asignaci\u00f3n queden encuadrados dentro de unos ejes prioritarios de actuaci\u00f3n sobre los que se instrumenten los programas a desarrollar.<\/p>\n<p>As\u00ed, estos ejes se circunscriben a: atenci\u00f3n a las personas con necesidades de atenci\u00f3n integral socio-sanitaria; atenci\u00f3n a las personas con necesidades educativas o de inserci\u00f3n laboral; fomento de la seguridad ciudadana y prevenci\u00f3n de la delincuencia; protecci\u00f3n del medio ambiente, y cooperaci\u00f3n al desarrollo.<\/p>\n<p>Seg\u00fan explic\u00f3 la vicepresidenta del Gobierno, Soraya S\u00e1enz de Santamar\u00eda, estas medidas supondr\u00e1n un apoyo \u00abmuy importante\u00bb para el Tercer Sector, que est\u00e1 contribuyendo \u00abde una manera decidida a la resoluci\u00f3n de la crisis\u00bb.<\/p>\n<p>Por otra parte, el Gobierno hace un reconocimiento jur\u00eddico del papel esencial que determinadas organizaciones y entidades sin \u00e1nimo de lucro tienen a la hora de dar respuesta a las necesidades de la sociedad.<\/p>\n<p>Seg\u00fan el texto, estas entidades colaboran directamente con las administraciones p\u00fablicas, al tiempo que garantizan la canalizaci\u00f3n de los fondos p\u00fablicos imprescindibles para su funcionamiento.<\/p>\n<p>Por ello, se les otorga una especial consideraci\u00f3n jur\u00eddica como entidades del Tercer Sector colaboradoras con las administraciones p\u00fablicas.<\/p>\n","protected":false},"excerpt":{"rendered":"<p>El Gobierno ha dado el visto bueno al real decreto ley que regula los fines de inter\u00e9s general a que ir\u00e1 destinado el 0,7% de la cuota tributaria del Impuesto sobre la Renta de las Personas F\u00edsicas. El texto establece que aquellos fines a los que se destina la citada asignaci\u00f3n queden encuadrados dentro de [&hellip;]<\/p>\n","protected":false},"author":1,"featured_media":0,"comment_status":"open","ping_status":"open","sticky":false,"template":"","format":"standard","meta":{"footnotes":""},"categories":[63],"tags":[159,158,157,65,118],"class_list":["post-1402","post","type-post","status-publish","format-standard","hentry","category-entidades-sin-fines-lucrativos","tag-0-7","tag-administracion-publica","tag-colaboradora","tag-esfl","tag-irpf"],"_links":{"self":[{"href":"https:\/\/donoso.es\/index.php?rest_route=\/wp\/v2\/posts\/1402","targetHints":{"allow":["GET"]}}],"collection":[{"href":"https:\/\/donoso.es\/index.php?rest_route=\/wp\/v2\/posts"}],"about":[{"href":"https:\/\/donoso.es\/index.php?rest_route=\/wp\/v2\/types\/post"}],"author":[{"embeddable":true,"href":"https:\/\/donoso.es\/index.php?rest_route=\/wp\/v2\/users\/1"}],"replies":[{"embeddable":true,"href":"https:\/\/donoso.es\/index.php?rest_route=%2Fwp%2Fv2%2Fcomments&post=1402"}],"version-history":[{"count":1,"href":"https:\/\/donoso.es\/index.php?rest_route=\/wp\/v2\/posts\/1402\/revisions"}],"predecessor-version":[{"id":1403,"href":"https:\/\/donoso.es\/index.php?rest_route=\/wp\/v2\/posts\/1402\/revisions\/1403"}],"wp:attachment":[{"href":"https:\/\/donoso.es\/index.php?rest_route=%2Fwp%2Fv2%2Fmedia&parent=1402"}],"wp:term":[{"taxonomy":"category","embeddable":true,"href":"https:\/\/donoso.es\/index.php?rest_route=%2Fwp%2Fv2%2Fcategories&post=1402"},{"taxonomy":"post_tag","embeddable":true,"href":"https:\/\/donoso.es\/index.php?rest_route=%2Fwp%2Fv2%2Ftags&post=1402"}],"curies":[{"name":"wp","href":"https:\/\/api.w.org\/{rel}","templated":true}]}}