{"id":1505,"date":"2015-07-23T18:46:20","date_gmt":"2015-07-23T16:46:20","guid":{"rendered":"http:\/\/www.donoso.es\/?p=1505"},"modified":"2021-08-12T19:57:22","modified_gmt":"2021-08-12T17:57:22","slug":"pregon-de-las-fiestas-de-santiago-apostol-2015-de-granatula","status":"publish","type":"post","link":"https:\/\/donoso.es\/?p=1505","title":{"rendered":"Preg\u00f3n de las fiestas de Santiago Ap\u00f3stol 2015 de Gran\u00e1tula"},"content":{"rendered":"<p>Estimadas amigas y queridos amigos,<\/p>\n<p style=\"text-align: justify;\">Este a\u00f1o tengo la fortuna de ser la persona que har\u00e1 el discurso inaugural, el preg\u00f3n de apertura, de las Fiestas en Honor a Santiago Ap\u00f3stol, Santa Ana y San Pantale\u00f3n en Gran\u00e1tula de Calatrava. Este inmerecida merced de mano del alcalde de Gran\u00e1tula, D. F\u00e9lix Herrera, me llena de alegr\u00eda y orgullo porque es en mi querido pueblo. Espero estar a la altura y hacer un preg\u00f3n como se merece. El acto tendr\u00e1 lugar la noche del 24 de julio, partiendo la comitiva en torno a las 21 horas desde el Ayuntamiento de Gran\u00e1tula hacia el recinto ferial donde se celebrar\u00e1 el acto a partir de las 21,30 horas.<\/p>\n<p style=\"text-align: justify;\">Una vez haya pasado el acto colgar\u00e9 el texto del mismo.<\/p>\n<p>Un abrazo.<\/p>\n<p>Juan Jes\u00fas<\/p>\n","protected":false},"excerpt":{"rendered":"<p>Estimadas amigas y queridos amigos, Este a\u00f1o tengo la fortuna de ser la persona que har\u00e1 el discurso inaugural, el preg\u00f3n de apertura, de las Fiestas en Honor a Santiago Ap\u00f3stol, Santa Ana y San Pantale\u00f3n en Gran\u00e1tula de Calatrava. Este inmerecida merced de mano del alcalde de Gran\u00e1tula, D. F\u00e9lix Herrera, me llena de [&hellip;]<\/p>\n","protected":false},"author":1,"featured_media":0,"comment_status":"closed","ping_status":"closed","sticky":false,"template":"","format":"standard","meta":{"footnotes":""},"categories":[34,375],"tags":[248,7,186],"class_list":["post-1505","post","type-post","status-publish","format-standard","hentry","category-granatula-de-calatrava","category-santiago","tag-juan-jesus-donoso-azanon","tag-pregon","tag-pregon-de-las-fiestas-de-santiago"],"_links":{"self":[{"href":"https:\/\/donoso.es\/index.php?rest_route=\/wp\/v2\/posts\/1505","targetHints":{"allow":["GET"]}}],"collection":[{"href":"https:\/\/donoso.es\/index.php?rest_route=\/wp\/v2\/posts"}],"about":[{"href":"https:\/\/donoso.es\/index.php?rest_route=\/wp\/v2\/types\/post"}],"author":[{"embeddable":true,"href":"https:\/\/donoso.es\/index.php?rest_route=\/wp\/v2\/users\/1"}],"replies":[{"embeddable":true,"href":"https:\/\/donoso.es\/index.php?rest_route=%2Fwp%2Fv2%2Fcomments&post=1505"}],"version-history":[{"count":4,"href":"https:\/\/donoso.es\/index.php?rest_route=\/wp\/v2\/posts\/1505\/revisions"}],"predecessor-version":[{"id":1528,"href":"https:\/\/donoso.es\/index.php?rest_route=\/wp\/v2\/posts\/1505\/revisions\/1528"}],"wp:attachment":[{"href":"https:\/\/donoso.es\/index.php?rest_route=%2Fwp%2Fv2%2Fmedia&parent=1505"}],"wp:term":[{"taxonomy":"category","embeddable":true,"href":"https:\/\/donoso.es\/index.php?rest_route=%2Fwp%2Fv2%2Fcategories&post=1505"},{"taxonomy":"post_tag","embeddable":true,"href":"https:\/\/donoso.es\/index.php?rest_route=%2Fwp%2Fv2%2Ftags&post=1505"}],"curies":[{"name":"wp","href":"https:\/\/api.w.org\/{rel}","templated":true}]}}