{"id":1611,"date":"2017-10-29T20:45:38","date_gmt":"2017-10-29T18:45:38","guid":{"rendered":"http:\/\/www.donoso.es\/?p=1611"},"modified":"2021-02-14T11:55:57","modified_gmt":"2021-02-14T09:55:57","slug":"todos-somos-cataluna-tots-som-catalunya","status":"publish","type":"post","link":"https:\/\/donoso.es\/?p=1611","title":{"rendered":"Todos somos Catalu\u00f1a &#8211; Tots som Catalunya"},"content":{"rendered":"<h4 style=\"text-align: justify;\">#todossomoscatalu\u00f1a #totssomcatalunya y esto no es solo una etiqueta. Siempre he considerado esa tierra como parte preciosa y parte de todos nosotros, y la que siento y disfruto c\u00f3mo parte de todos y c\u00f3mo no, mia. Nada en Espa\u00f1a ser\u00eda igual sin Catalu\u00f1a ni tampoco lo hubiera sido. Tantos a\u00f1os construyendo un futuro juntos del que disfrutamos es este pa\u00eds que es la octava econom\u00eda del mundo y de la que los extranjeros aman y suspiran por volver a ver.<br \/>\nHace unos d\u00edas escrib\u00ed:<br \/>\nNo entiendo nada de lo que sucede y cuantos m\u00e1s razonamientos oigo menos lo entiendo.<br \/>\nHace mucho tiempo que escrib\u00ed, y est\u00e1 disponible en mis p\u00e1ginas y publicaciones p\u00fablicas, que soy de donde el coraz\u00f3n me marca. Madrile\u00f1o que nunca negare mis or\u00edgenes y para eso nac\u00ed all\u00ed, manchego que para eso lo ejerzo y tengo mis ra\u00edces, Granatule\u00f1o mi pueblo querido, espa\u00f1ol, europeo y ciudadano del mundo. Soy por tanto la suma de todos lo vivido, de la personas con las que me he relacionado y de los sitios que he vivido, y agradezco a todo ello incluso a la gente que nunca me trag\u00f3 y a l que me odi\u00f3 porque con todos los sitios y personas forme mi personalidad.<br \/>\nNo cabe en mi la idea de restar, de no ser, de despreciar.<br \/>\nComo dice mi ideario siempre Quiero luchar desde la leyenda contra los encantadores que niegan y desfiguran las cosas hermosas, contra los que en nombre de la raz\u00f3n izan la bandera del realismo m\u00e1s despiadado; contra los resentidos; contra los envidiosos; contra los que confunden la cr\u00edtica con la mala fe; contra los que no saben compadecer y admirar; contra los que no creen en m\u00e1s Dios que en su ego\u00edsmo; contra los que matan a inocentes ciudadanos; contra los que aprisionan y despedazan a los d\u00e9biles; contra los que confunden la formaci\u00f3n y la educaci\u00f3n con la debilidad, el pacifismo con la cobard\u00eda, la comprensi\u00f3n con la imbecilidad, el amor con el erotismo; contra los que creen que el mundo fue hecho para ellos solos; contra los que tornan gigantes en molinos, los ej\u00e9rcitos en reba\u00f1os y el sublime amoroso de una moza en una locura.<br \/>\nConsiderarme mejor que alguien simplemente lo veo como racismo. Nadie es mejor que nadie y nadie excluye a nadie. Y cuando veo que se habla de restar solo viene a mi memoria la idea de la superioridad de una determinada raza. Quizas este equivocado pero nadie tiene la capacidad superior de discernir que es mejor que nadie, que gracias a \u00e9l viven otros. Este es el mismo razonamiento por el que no entiendo quienes est\u00e1n en contra de los refugiados o de las personas que jug\u00e1ndose la vida buscan otra realidad. Y as\u00ed pienso que el Brexit busca el racismo y apartar la circulaci\u00f3n de europeos y no europeos eso s\u00ed ahora se descuelgan que quieren mantener la econ\u00f3mica y el negocio; y los nacionalismos se basan en la idea de ser superiores y de que los dem\u00e1s son chusma.<br \/>\nNo creo que haya mucha gente que lea eso peor o por ello quer\u00eda dejar de decir lo que pienso. Muchas l\u00edneas para expresar una idea en la era digital en la que no se leen m\u00e1s de 40 caracteres.<\/h4>\n","protected":false},"excerpt":{"rendered":"<p>#todossomoscatalu\u00f1a #totssomcatalunya y esto no es solo una etiqueta. Siempre he considerado esa tierra como parte preciosa y parte de todos nosotros, y la que siento y disfruto c\u00f3mo parte de todos y c\u00f3mo no, mia. Nada en Espa\u00f1a ser\u00eda igual sin Catalu\u00f1a ni tampoco lo hubiera sido. Tantos a\u00f1os construyendo un futuro juntos del [&hellip;]<\/p>\n","protected":false},"author":1,"featured_media":0,"comment_status":"closed","ping_status":"closed","sticky":false,"template":"","format":"standard","meta":{"footnotes":""},"categories":[33],"tags":[],"class_list":["post-1611","post","type-post","status-publish","format-standard","hentry","category-ensayo"],"_links":{"self":[{"href":"https:\/\/donoso.es\/index.php?rest_route=\/wp\/v2\/posts\/1611","targetHints":{"allow":["GET"]}}],"collection":[{"href":"https:\/\/donoso.es\/index.php?rest_route=\/wp\/v2\/posts"}],"about":[{"href":"https:\/\/donoso.es\/index.php?rest_route=\/wp\/v2\/types\/post"}],"author":[{"embeddable":true,"href":"https:\/\/donoso.es\/index.php?rest_route=\/wp\/v2\/users\/1"}],"replies":[{"embeddable":true,"href":"https:\/\/donoso.es\/index.php?rest_route=%2Fwp%2Fv2%2Fcomments&post=1611"}],"version-history":[{"count":3,"href":"https:\/\/donoso.es\/index.php?rest_route=\/wp\/v2\/posts\/1611\/revisions"}],"predecessor-version":[{"id":1646,"href":"https:\/\/donoso.es\/index.php?rest_route=\/wp\/v2\/posts\/1611\/revisions\/1646"}],"wp:attachment":[{"href":"https:\/\/donoso.es\/index.php?rest_route=%2Fwp%2Fv2%2Fmedia&parent=1611"}],"wp:term":[{"taxonomy":"category","embeddable":true,"href":"https:\/\/donoso.es\/index.php?rest_route=%2Fwp%2Fv2%2Fcategories&post=1611"},{"taxonomy":"post_tag","embeddable":true,"href":"https:\/\/donoso.es\/index.php?rest_route=%2Fwp%2Fv2%2Ftags&post=1611"}],"curies":[{"name":"wp","href":"https:\/\/api.w.org\/{rel}","templated":true}]}}