{"id":1669,"date":"2018-03-09T19:33:43","date_gmt":"2018-03-09T17:33:43","guid":{"rendered":"http:\/\/www.donoso.es\/?p=1669"},"modified":"2020-11-24T19:29:16","modified_gmt":"2020-11-24T17:29:16","slug":"criterios-sociales-en-la-contratacion-publica","status":"publish","type":"post","link":"https:\/\/donoso.es\/?p=1669","title":{"rendered":"Criterios sociales en la contrataci\u00f3n  p\u00fablica"},"content":{"rendered":"<h3 style=\"text-align: center;\">COMISI\u00d3N INTERMINISTERIAL PARA LA INCORPORACI\u00d3N DE CRITERIOS SOCIALES EN LA CONTRATACI\u00d3N P\u00daBLICA<\/h3>\n<h4>An\u00e1lisis, aplicaci\u00f3n y seguimiento de cl\u00e1usulas sociales.<\/h4>\n<h4>El Consejo de Ministros del viernes 2 de marzo de 2018 ha aprobado un Real Decreto por el que se crea la Comisi\u00f3n Interministerial para la incorporaci\u00f3n de criterios sociales en la contrataci\u00f3n p\u00fablica.<\/h4>\n<h4>Este \u00f3rgano se constituye en el marco de la nueva Ley 9\/2017, de 8 de noviembre, de Contratos del Sector P\u00fablico, por la que se transponen al ordenamiento jur\u00eddico espa\u00f1ol las directivas europeas que establecen el nuevo marco jur\u00eddico en materia de contrataci\u00f3n. Esta ley plantea la condici\u00f3n de la contrataci\u00f3n p\u00fablica como instrumento para establecer estrategias de car\u00e1cter social.<\/h4>\n<h4>El objetivo de esta Comisi\u00f3n \u00abes avanzar hacia una contrataci\u00f3n p\u00fablica socialmente m\u00e1s responsable, que promueva mayores oportunidades de inclusi\u00f3n social, de accesibilidad y un mayor el cumplimiento de los derechos laborales y sociales de los trabajadores\u00bb. Para ello, se prev\u00e9 la incorporaci\u00f3n de criterios sociales en la contrataci\u00f3n p\u00fablica que incentiven a las empresas a desarrollar una gesti\u00f3n socialmente responsable.<\/h4>\n<h4>Esta Comisi\u00f3n Interministerial pretende una actuaci\u00f3n coordinada del sector p\u00fablico estatal en las actuaciones de incorporaci\u00f3n de criterios sociales en la contrataci\u00f3n.<\/h4>\n<h4>En esta Comisi\u00f3n, que estar\u00e1 adscrita al Ministerio de Sanidad, Servicios Sociales e Igualdad, estar\u00e1n representados todos los Ministerios, adem\u00e1s del Consejo Nacional de la Discapacidad y la Comisi\u00f3n para el Di\u00e1logo Civil con la Plataforma del Tercer Sector.<\/h4>\n<h4>Sus funciones ser\u00e1n el an\u00e1lisis, aplicaci\u00f3n y seguimiento de las cl\u00e1usulas sociales en la contrataci\u00f3n p\u00fablica. Para ello, la Comisi\u00f3n podr\u00e1 elaborar propuestas y recomendaciones, as\u00ed como informes, estudios o gu\u00edas de aplicaci\u00f3n, para su consideraci\u00f3n por el Consejo de Ministros.<\/h4>\n<h4>Adem\u00e1s, la Comisi\u00f3n Interministerial para la incorporaci\u00f3n de criterios sociales en la contrataci\u00f3n p\u00fablica podr\u00e1 colaborar con expertos, interlocutores sociales, entidades y organizaciones p\u00fablicas y privadas.<\/h4>\n<h4>Conforme establece la disposici\u00f3n final decimosexta de la nueva Ley 9\/2017, de 8 de noviembre, de Contratos del Sector P\u00fablico, por la que se transponen al ordenamiento jur\u00eddico espa\u00f1ol las directivas europeas que establecen el nuevo marco jur\u00eddico en materia de contrataci\u00f3n la entrada en vigor ser\u00e1 el pr\u00f3ximo 9 de marzo.<\/h4>\n","protected":false},"excerpt":{"rendered":"<p>COMISI\u00d3N INTERMINISTERIAL PARA LA INCORPORACI\u00d3N DE CRITERIOS SOCIALES EN LA CONTRATACI\u00d3N P\u00daBLICA An\u00e1lisis, aplicaci\u00f3n y seguimiento de cl\u00e1usulas sociales. El Consejo de Ministros del viernes 2 de marzo de 2018 ha aprobado un Real Decreto por el que se crea la Comisi\u00f3n Interministerial para la incorporaci\u00f3n de criterios sociales en la contrataci\u00f3n p\u00fablica. Este \u00f3rgano [&hellip;]<\/p>\n","protected":false},"author":1,"featured_media":0,"comment_status":"closed","ping_status":"closed","sticky":false,"template":"","format":"standard","meta":{"footnotes":""},"categories":[63],"tags":[207,205,144,206],"class_list":["post-1669","post","type-post","status-publish","format-standard","hentry","category-entidades-sin-fines-lucrativos","tag-contratacion","tag-criterios","tag-publica","tag-sociales"],"_links":{"self":[{"href":"https:\/\/donoso.es\/index.php?rest_route=\/wp\/v2\/posts\/1669","targetHints":{"allow":["GET"]}}],"collection":[{"href":"https:\/\/donoso.es\/index.php?rest_route=\/wp\/v2\/posts"}],"about":[{"href":"https:\/\/donoso.es\/index.php?rest_route=\/wp\/v2\/types\/post"}],"author":[{"embeddable":true,"href":"https:\/\/donoso.es\/index.php?rest_route=\/wp\/v2\/users\/1"}],"replies":[{"embeddable":true,"href":"https:\/\/donoso.es\/index.php?rest_route=%2Fwp%2Fv2%2Fcomments&post=1669"}],"version-history":[{"count":4,"href":"https:\/\/donoso.es\/index.php?rest_route=\/wp\/v2\/posts\/1669\/revisions"}],"predecessor-version":[{"id":1673,"href":"https:\/\/donoso.es\/index.php?rest_route=\/wp\/v2\/posts\/1669\/revisions\/1673"}],"wp:attachment":[{"href":"https:\/\/donoso.es\/index.php?rest_route=%2Fwp%2Fv2%2Fmedia&parent=1669"}],"wp:term":[{"taxonomy":"category","embeddable":true,"href":"https:\/\/donoso.es\/index.php?rest_route=%2Fwp%2Fv2%2Fcategories&post=1669"},{"taxonomy":"post_tag","embeddable":true,"href":"https:\/\/donoso.es\/index.php?rest_route=%2Fwp%2Fv2%2Ftags&post=1669"}],"curies":[{"name":"wp","href":"https:\/\/api.w.org\/{rel}","templated":true}]}}