{"id":1690,"date":"2018-03-20T21:18:01","date_gmt":"2018-03-20T19:18:01","guid":{"rendered":"http:\/\/www.donoso.es\/?p=1690"},"modified":"2021-02-14T11:53:55","modified_gmt":"2021-02-14T09:53:55","slug":"crisis-causas-efectos-salida-sin-exito","status":"publish","type":"post","link":"https:\/\/donoso.es\/?p=1690","title":{"rendered":"Crisis, \u00bf\u00e9xito en su salida?"},"content":{"rendered":"<h4 align='justify'>La crisis se trata de un fen\u00f3meno \u201cnormal\u201d y recurrente que sucede peri\u00f3dicamente en los mercados. Lo que pudiera diferenciar unas crisis de otras normalmente es su profundidad y su extensi\u00f3n.<\/h4>\n<h4 align='justify'>Pero este an\u00e1lisis es muy pobre. Hace a\u00f1os que la econom\u00eda est\u00e1 dando s\u00edntomas de una grave enfermedad, siendo sostenida en su declive a\u00f1adiendo m\u00e1s le\u00f1a al fuego. La palabra Capitalismo est\u00e1 compuesta por los vocablos Capital e Ismo, es decir Exaltaci\u00f3n del Capital. \u00bfC\u00f3mo es posible que estando en una exaltaci\u00f3n del capital durante a\u00f1os el Capital haya sido regalado a todo aquel que lo demandaba? \u00bfC\u00f3mo es posible que artificialmente y por arte de los Bancos Centrales se haya mantenido el tipo de inter\u00e9s real del dinero por debajo de la inflaci\u00f3n? \u00bfC\u00f3mo es posible que la masa monetaria haya crecido muy por encima del crecimiento de la productividad? Esto en mi pueblo se le denomina \u201cPan para hoy y hambre para ma\u00f1ana\u201d<a href=\"#_ftn1\" name=\"_ftnref1\">[1]<\/a>. Y estamos en el Ma\u00f1ana, quedan muchos a\u00f1os de hambre. El an\u00e1lisis de la actual situaci\u00f3n de los mercados efectuado en base a los conceptos de la Teor\u00eda Econ\u00f3mica Comprensiva<a href=\"#_ftn2\" name=\"_ftnref2\">[2]<\/a>, reconoce que lo expuesto (en los t\u00e9rminos de las concepciones econ\u00f3micas convencionales) es correcto; pero va m\u00e1s all\u00e1 y abre a otra dimensi\u00f3n de las crisis, que la pone en una perspectiva hist\u00f3rica y econ\u00f3mica que nos permite verla no solamente como m\u00e1s profunda y extendida sino como cualitativamente distinta. M\u00e1s a\u00fan, nos pone en la perspectiva de comprender que las respuestas \u201cnormales\u201d o habituales, aplicadas a las crisis, no tendr\u00e1n los efectos esperados, es decir, no conducir\u00e1n en esta ocasi\u00f3n a una real superaci\u00f3n y salida de la crisis.<\/h4>\n<h4 align='justify'>La salida \u201cnormal\u201d de una crisis financiera \u201cnormal\u201d consiste en combinar en una adecuada proporci\u00f3n de tres elementos:<\/h4>\n<ol>\n<li>\n<h4>a) la p\u00e9rdida de valor de los activos de los acreedores;<\/h4>\n<\/li>\n<li>\n<h4>b) la p\u00e9rdida que deben asumir los deudores;<\/h4>\n<\/li>\n<li>\n<h4>c) la p\u00e9rdida que necesariamente ha de afectar al conjunto de los otros agentes econ\u00f3micos (consumidores, empresarios, trabajadores, etc.) v\u00eda inflaci\u00f3n y v\u00eda contracci\u00f3n econ\u00f3mica.<\/h4>\n<\/li>\n<\/ol>\n<h4 align='justify'>De este modo se obtiene que la p\u00e9rdida, el da\u00f1o y el dolor que provoca la crisis se reparta entre los diferentes sectores involucrados. Estos procesos son cuidadosamente vigilados por los Gobiernos (pol\u00edticas fiscal, tributaria, regulatoria, subsidiaria y de incentivos, rescate de bancos, etc.) y por las autoridades monetarias o bancos centrales (tasas de inter\u00e9s, emisi\u00f3n monetaria, tipo de cambio, etc.).<\/h4>\n<h4 align='justify'>Todo ello est\u00e1 de hecho ocurriendo. Pero desde el punto de observaci\u00f3n que nos proporciona la Teor\u00eda Econ\u00f3mica Comprensiva, podemos ver algo m\u00e1s, por debajo y m\u00e1s all\u00e1 de todo lo indicado. Desde esta \u00f3ptica apreciamos b\u00e1sicamente dos fen\u00f3menos de incalculables consecuencias:<\/h4>\n<h4 align='justify'>El primer fen\u00f3meno es un cambio que se est\u00e1 cumpliendo en la naturaleza o \u201cesencia \u201cdel dinero. Y como el dinero es \u2013en el actual sistema econ\u00f3mico- el elemento articulador de los mercados y de la econom\u00eda en su conjunto. El nuevo concepto econ\u00f3mico neoliberal est\u00e1 significando una desarticulaci\u00f3n estructural muy profunda de los determinantes del mercado, de modo que no podr\u00e1 resolverse la crisis sino mediante una reforma institucional, jur\u00eddica y pol\u00edtica. Entendamos: el mercado continuar\u00e1 funcionando, pero en crisis, que se prolongar\u00e1 hasta que se cumplan dichas reformas.<\/h4>\n<h4 align='justify'>El segundo fen\u00f3meno, estrechamente conectado al anterior, es una mutaci\u00f3n al nivel de las relaciones entre los agentes econ\u00f3micos privados y los agentes econ\u00f3micos p\u00fablicos, tal que los equilibrios que han permanecido sin cambios sustanciales durante las \u00faltimas seis d\u00e9cadas ya no se sostienen, planteando la necesidad de redefinir las relaciones entre econom\u00eda y pol\u00edtica; y entre ambas y el ser humano y las personas. Y de ah\u00ed el surgimiento de nuevas ideas pol\u00edticas, nuevas formas de entenderla, movimientos extremos, movilizaciones sociales, etc.<\/h4>\n<h4 align='justify'>Y todo eso se produce porque la salida de la crisis se ha efectuado ajustando los salarios y pensiones, bajando los ingresos de la clase media, incrementando el nivel de empleo a costa de salarios m\u00e1s bajos. El ajuste ha sido soportado por las personas que perciben rentas del trabajo y asimiladas. Y el efecto tambi\u00e9n consecuente de disminuir la capa de la clase media incrementando los polos opuestos: personas en nivel de pobreza o semi pobreza cada vez m\u00e1s numeroso y a la vez incremento de la riqueza en manos de unos pocos b\u00e1sicamente procedente de rentas distintas de las del trabajo.<\/h4>\n<h4 align='justify'><a href=\"#_ftnref1\" name=\"_ftn1\">[1]<\/a> Un pueblo manchego, en esa Mancha que describi\u00f3 Cervantes. Su nombre Gran\u00e1tula de Calatrava. www.granatula.net<\/h4>\n<h4 align='justify'><a href=\"#_ftnref2\" name=\"_ftn2\">[2]<\/a> \u00a0Luis Razeto Migliaro: \u201cFundamentos de una Teor\u00eda Econ\u00f3mica Comprensiva. Libro tercero de Econom\u00eda de Solidaridad y Mercado Democr\u00e1tico.\u201d Ediciones PET, Santiago, 1994.<\/h4>\n","protected":false},"excerpt":{"rendered":"<p>La crisis se trata de un fen\u00f3meno \u201cnormal\u201d y recurrente que sucede peri\u00f3dicamente en los mercados. Lo que pudiera diferenciar unas crisis de otras normalmente es su profundidad y su extensi\u00f3n. Pero este an\u00e1lisis es muy pobre. Hace a\u00f1os que la econom\u00eda est\u00e1 dando s\u00edntomas de una grave enfermedad, siendo sostenida en su declive a\u00f1adiendo [&hellip;]<\/p>\n","protected":false},"author":1,"featured_media":0,"comment_status":"closed","ping_status":"closed","sticky":false,"template":"","format":"standard","meta":{"footnotes":""},"categories":[208,33],"tags":[21,210,211,209],"class_list":["post-1690","post","type-post","status-publish","format-standard","hentry","category-eco-esfl","category-ensayo","tag-crisis","tag-efectos","tag-neoliberal","tag-salida"],"_links":{"self":[{"href":"https:\/\/donoso.es\/index.php?rest_route=\/wp\/v2\/posts\/1690","targetHints":{"allow":["GET"]}}],"collection":[{"href":"https:\/\/donoso.es\/index.php?rest_route=\/wp\/v2\/posts"}],"about":[{"href":"https:\/\/donoso.es\/index.php?rest_route=\/wp\/v2\/types\/post"}],"author":[{"embeddable":true,"href":"https:\/\/donoso.es\/index.php?rest_route=\/wp\/v2\/users\/1"}],"replies":[{"embeddable":true,"href":"https:\/\/donoso.es\/index.php?rest_route=%2Fwp%2Fv2%2Fcomments&post=1690"}],"version-history":[{"count":5,"href":"https:\/\/donoso.es\/index.php?rest_route=\/wp\/v2\/posts\/1690\/revisions"}],"predecessor-version":[{"id":1707,"href":"https:\/\/donoso.es\/index.php?rest_route=\/wp\/v2\/posts\/1690\/revisions\/1707"}],"wp:attachment":[{"href":"https:\/\/donoso.es\/index.php?rest_route=%2Fwp%2Fv2%2Fmedia&parent=1690"}],"wp:term":[{"taxonomy":"category","embeddable":true,"href":"https:\/\/donoso.es\/index.php?rest_route=%2Fwp%2Fv2%2Fcategories&post=1690"},{"taxonomy":"post_tag","embeddable":true,"href":"https:\/\/donoso.es\/index.php?rest_route=%2Fwp%2Fv2%2Ftags&post=1690"}],"curies":[{"name":"wp","href":"https:\/\/api.w.org\/{rel}","templated":true}]}}