{"id":1710,"date":"2018-04-06T20:41:14","date_gmt":"2018-04-06T18:41:14","guid":{"rendered":"http:\/\/www.donoso.es\/?p=1710"},"modified":"2020-11-26T13:46:35","modified_gmt":"2020-11-26T11:46:35","slug":"cronista-calatravo","status":"publish","type":"post","link":"https:\/\/donoso.es\/?p=1710","title":{"rendered":"Avanzan las jornadas \u00cdbero &#8211; Romanas"},"content":{"rendered":"<h4 align='justify'>La inciativa promovida desde el Desarrollo Comunitario llevado a cabo desde el colegio p\u00fablico de Gran\u00e1tula \u00abNuestra Se\u00f1ora de Oreto y Zuqueca\u00bb, con el objetivo de dar a conocer nuestro pueblo y por ende fomentar el conocimiento de los recursos naturales e hist\u00f3ricos de Gran\u00e1tula. Y que fruto del mismo se puedan generar en el futuro un desarrollo entorno al mismo.<br \/>\n<\/h4>\n<h4 align='justify'>No puedo m\u00e1s que apoyar esta iniciativa, que adem\u00e1s est\u00e1 consiguiendo algo importante: La creaci\u00f3n de un grupo de voluntarios en torno a Gran\u00e1tula trabajando por un objetivo com\u00fan, el aumento de la relaci\u00f3n entre todos.<br \/>\n<\/h4>\n<h4 align='justify'>Desde aqu\u00ed quiero agradecer al director del colegio al resto del claustro, a la Asociaci\u00f3n de Madres y Padres del Mismo, al resto de entidades p\u00fablicas y privadas, y al propio pueblo que est\u00e1 aportando su grano de arena. Y tambi\u00e9n quiero agradecer la oportunidad que me est\u00e1n brindado de colaborar en ello, particularmente a Pako, como a \u00e9l gusta que le llamen, director del colegio.<br \/>\n<\/h4>\n<h4 align='justify'>Os esperamos en Gran\u00e1tula a todos y todas el 19 y 20 de mayo en nuestras jornadas, donde os recibiremos con nuestros mejores atav\u00edos \u00edberos &#8211; romanos para inaugurar el puente romano de Oreto, aquel que orden\u00f3 construir Publio Baebio.<br \/>\n<\/h4>\n<h4>Os dejo estas fotos del art\u00edculo publicado hoy.<br \/>\n&nbsp;<\/p>\n<p><img loading=\"lazy\" decoding=\"async\" class=\"alignleft size-full wp-image-1711\" src=\"http:\/\/donoso.es\/wp-content\/uploads\/2018\/04\/cronista1.jpg\" alt=\"\" width=\"1056\" height=\"1568\" srcset=\"https:\/\/donoso.es\/wp-content\/uploads\/2018\/04\/cronista1.jpg 1056w, https:\/\/donoso.es\/wp-content\/uploads\/2018\/04\/cronista1-202x300.jpg 202w, https:\/\/donoso.es\/wp-content\/uploads\/2018\/04\/cronista1-768x1140.jpg 768w, https:\/\/donoso.es\/wp-content\/uploads\/2018\/04\/cronista1-690x1024.jpg 690w, https:\/\/donoso.es\/wp-content\/uploads\/2018\/04\/cronista1-101x150.jpg 101w, https:\/\/donoso.es\/wp-content\/uploads\/2018\/04\/cronista1-400x594.jpg 400w\" sizes=\"auto, (max-width: 1056px) 100vw, 1056px\" \/><img loading=\"lazy\" decoding=\"async\" class=\"alignleft size-full wp-image-1712\" src=\"http:\/\/donoso.es\/wp-content\/uploads\/2018\/04\/cronista2.jpg\" alt=\"\" width=\"1024\" height=\"1600\" srcset=\"https:\/\/donoso.es\/wp-content\/uploads\/2018\/04\/cronista2.jpg 1024w, https:\/\/donoso.es\/wp-content\/uploads\/2018\/04\/cronista2-192x300.jpg 192w, https:\/\/donoso.es\/wp-content\/uploads\/2018\/04\/cronista2-768x1200.jpg 768w, https:\/\/donoso.es\/wp-content\/uploads\/2018\/04\/cronista2-655x1024.jpg 655w, https:\/\/donoso.es\/wp-content\/uploads\/2018\/04\/cronista2-96x150.jpg 96w, https:\/\/donoso.es\/wp-content\/uploads\/2018\/04\/cronista2-400x625.jpg 400w\" sizes=\"auto, (max-width: 1024px) 100vw, 1024px\" \/><img loading=\"lazy\" decoding=\"async\" class=\"alignleft size-full wp-image-1713\" src=\"http:\/\/donoso.es\/wp-content\/uploads\/2018\/04\/cronista3.jpg\" alt=\"\" width=\"864\" height=\"1344\" srcset=\"https:\/\/donoso.es\/wp-content\/uploads\/2018\/04\/cronista3.jpg 864w, https:\/\/donoso.es\/wp-content\/uploads\/2018\/04\/cronista3-193x300.jpg 193w, https:\/\/donoso.es\/wp-content\/uploads\/2018\/04\/cronista3-768x1195.jpg 768w, https:\/\/donoso.es\/wp-content\/uploads\/2018\/04\/cronista3-658x1024.jpg 658w, https:\/\/donoso.es\/wp-content\/uploads\/2018\/04\/cronista3-96x150.jpg 96w, https:\/\/donoso.es\/wp-content\/uploads\/2018\/04\/cronista3-400x622.jpg 400w\" sizes=\"auto, (max-width: 864px) 100vw, 864px\" \/><\/h4>\n","protected":false},"excerpt":{"rendered":"<p>La inciativa promovida desde el Desarrollo Comunitario llevado a cabo desde el colegio p\u00fablico de Gran\u00e1tula \u00abNuestra Se\u00f1ora de Oreto y Zuqueca\u00bb, con el objetivo de dar a conocer nuestro pueblo y por ende fomentar el conocimiento de los recursos naturales e hist\u00f3ricos de Gran\u00e1tula. Y que fruto del mismo se puedan generar en el [&hellip;]<\/p>\n","protected":false},"author":1,"featured_media":0,"comment_status":"closed","ping_status":"closed","sticky":false,"template":"","format":"standard","meta":{"footnotes":""},"categories":[34],"tags":[213,170,9,214],"class_list":["post-1710","post","type-post","status-publish","format-standard","hentry","category-granatula-de-calatrava","tag-baebio","tag-colegio","tag-granatula","tag-jornadas-ibero-romanas"],"_links":{"self":[{"href":"https:\/\/donoso.es\/index.php?rest_route=\/wp\/v2\/posts\/1710","targetHints":{"allow":["GET"]}}],"collection":[{"href":"https:\/\/donoso.es\/index.php?rest_route=\/wp\/v2\/posts"}],"about":[{"href":"https:\/\/donoso.es\/index.php?rest_route=\/wp\/v2\/types\/post"}],"author":[{"embeddable":true,"href":"https:\/\/donoso.es\/index.php?rest_route=\/wp\/v2\/users\/1"}],"replies":[{"embeddable":true,"href":"https:\/\/donoso.es\/index.php?rest_route=%2Fwp%2Fv2%2Fcomments&post=1710"}],"version-history":[{"count":6,"href":"https:\/\/donoso.es\/index.php?rest_route=\/wp\/v2\/posts\/1710\/revisions"}],"predecessor-version":[{"id":1719,"href":"https:\/\/donoso.es\/index.php?rest_route=\/wp\/v2\/posts\/1710\/revisions\/1719"}],"wp:attachment":[{"href":"https:\/\/donoso.es\/index.php?rest_route=%2Fwp%2Fv2%2Fmedia&parent=1710"}],"wp:term":[{"taxonomy":"category","embeddable":true,"href":"https:\/\/donoso.es\/index.php?rest_route=%2Fwp%2Fv2%2Fcategories&post=1710"},{"taxonomy":"post_tag","embeddable":true,"href":"https:\/\/donoso.es\/index.php?rest_route=%2Fwp%2Fv2%2Ftags&post=1710"}],"curies":[{"name":"wp","href":"https:\/\/api.w.org\/{rel}","templated":true}]}}