{"id":1730,"date":"2018-08-21T20:34:03","date_gmt":"2018-08-21T18:34:03","guid":{"rendered":"http:\/\/www.donoso.es\/?p=1730"},"modified":"2020-11-26T13:46:24","modified_gmt":"2020-11-26T11:46:24","slug":"presentacion-de-la-biografia-novelada-lo-que-siempre-quise-contar-de-mi-vida-del-general-espartero","status":"publish","type":"post","link":"https:\/\/donoso.es\/?p=1730","title":{"rendered":"Presentaci\u00f3n de la Biograf\u00eda Novelada \u00abLo que siempre quise contar de mi vida\u00bb del General Espartero"},"content":{"rendered":"<h4 style=\"text-align: left;\">El pasado d\u00eda 15 de agosto tuvo lugar en Gran\u00e1tula de Calatrava el acto de la Presentaci\u00f3n del Libro Biograf\u00eda Novelada del General Espartero \u00abLo que siempre quise contar de mi vida\u00bb. Al final de esta publicaci\u00f3n pulsa sobre el video subido a Youtube, para verlo.<\/h4>\n<p><img loading=\"lazy\" decoding=\"async\" class=\"aligncenter size-large wp-image-1734\" src=\"http:\/\/donoso.es\/wp-content\/uploads\/2018\/08\/20180815_224309-1024x768.jpg\" alt=\"\" width=\"640\" height=\"480\" srcset=\"https:\/\/donoso.es\/wp-content\/uploads\/2018\/08\/20180815_224309-1024x768.jpg 1024w, https:\/\/donoso.es\/wp-content\/uploads\/2018\/08\/20180815_224309-300x225.jpg 300w, https:\/\/donoso.es\/wp-content\/uploads\/2018\/08\/20180815_224309-768x576.jpg 768w, https:\/\/donoso.es\/wp-content\/uploads\/2018\/08\/20180815_224309-150x113.jpg 150w, https:\/\/donoso.es\/wp-content\/uploads\/2018\/08\/20180815_224309-400x300.jpg 400w\" sizes=\"auto, (max-width: 640px) 100vw, 640px\" \/><\/p>\n<h4 style=\"text-align: left;\">El acto estuvo presidido por el Alcalde de Gran\u00e1tula de Calatrava, D. F\u00e9lix Herrera Carneros, y cont\u00f3 con la presencia del Vicepresidente de la Diputaci\u00f3n Provincial de Ciudad Real, D. David Triguero.<\/h4>\n<h4 style=\"text-align: left;\">Desde aqu\u00ed quiero agradecer a la corporaci\u00f3n municipal de Gran\u00e1tula, a la Diputaci\u00f3n Provincial su colaboraci\u00f3n, y en particular al Alcalde, D. F\u00e9lix Herrera porque desde el primer momento acogi\u00f3 la publicaci\u00f3n del libro como algo propio.<\/h4>\n<h4 style=\"text-align: left;\">Os dejo el v\u00eddeo de la Presentaci\u00f3n. En el mismo podr\u00e9is ver la Conferencia sobre \u00abAlgunas cosas de la Vida del General Espartero\u00bb que con motivo de la ocasi\u00f3n hice.<\/h4>\n<p style=\"text-align: center;\"><iframe loading=\"lazy\" src=\"https:\/\/www.youtube.com\/embed\/tAbfFK0VwRg\" width=\"560\" height=\"315\" frameborder=\"0\" allowfullscreen=\"allowfullscreen\"><\/iframe><\/p>\n","protected":false},"excerpt":{"rendered":"<p>Biograf\u00eda Novelada del General Espartero \u00abLo que siempre quise contar de mi vida\u00bb<\/p>\n","protected":false},"author":1,"featured_media":0,"comment_status":"closed","ping_status":"closed","sticky":false,"template":"","format":"standard","meta":{"footnotes":""},"categories":[251,34],"tags":[219,218,87,9,217],"class_list":["post-1730","post","type-post","status-publish","format-standard","hentry","category-baldomero-espartero","category-granatula-de-calatrava","tag-baldomero","tag-biografia","tag-espartero","tag-granatula","tag-libro"],"_links":{"self":[{"href":"https:\/\/donoso.es\/index.php?rest_route=\/wp\/v2\/posts\/1730","targetHints":{"allow":["GET"]}}],"collection":[{"href":"https:\/\/donoso.es\/index.php?rest_route=\/wp\/v2\/posts"}],"about":[{"href":"https:\/\/donoso.es\/index.php?rest_route=\/wp\/v2\/types\/post"}],"author":[{"embeddable":true,"href":"https:\/\/donoso.es\/index.php?rest_route=\/wp\/v2\/users\/1"}],"replies":[{"embeddable":true,"href":"https:\/\/donoso.es\/index.php?rest_route=%2Fwp%2Fv2%2Fcomments&post=1730"}],"version-history":[{"count":4,"href":"https:\/\/donoso.es\/index.php?rest_route=\/wp\/v2\/posts\/1730\/revisions"}],"predecessor-version":[{"id":1735,"href":"https:\/\/donoso.es\/index.php?rest_route=\/wp\/v2\/posts\/1730\/revisions\/1735"}],"wp:attachment":[{"href":"https:\/\/donoso.es\/index.php?rest_route=%2Fwp%2Fv2%2Fmedia&parent=1730"}],"wp:term":[{"taxonomy":"category","embeddable":true,"href":"https:\/\/donoso.es\/index.php?rest_route=%2Fwp%2Fv2%2Fcategories&post=1730"},{"taxonomy":"post_tag","embeddable":true,"href":"https:\/\/donoso.es\/index.php?rest_route=%2Fwp%2Fv2%2Ftags&post=1730"}],"curies":[{"name":"wp","href":"https:\/\/api.w.org\/{rel}","templated":true}]}}