{"id":1867,"date":"2019-11-10T10:53:11","date_gmt":"2019-11-10T08:53:11","guid":{"rendered":"http:\/\/www.donoso.es\/?p=1867"},"modified":"2020-11-26T13:45:39","modified_gmt":"2020-11-26T11:45:39","slug":"conferencia-sobre-espartero-en-el-ateneo-de-madrid-el-dia-12-de-diciembre-de-2019","status":"publish","type":"post","link":"https:\/\/donoso.es\/?p=1867","title":{"rendered":"Conferencia sobre Espartero en el Ateneo de Madrid el d\u00eda 12 de diciembre de 2019"},"content":{"rendered":"<p>Continuamos con la difusi\u00f3n de la memoria del General Espartero. En esta ocasi\u00f3n, y gracias al apoyo del Ateneo de Madrid (Calle del Prado, 21 de Madrid -muy cerca del Congreso de los Diputados) el d\u00eda 12 de diciembre a las 20 horas tendr\u00e9 la oportunidad de hablar sobre este personaje, tan importante en mi opini\u00f3n, en la historia contempor\u00e1nea de Espa\u00f1a.<\/p>\n<p>Os dejo la invitaci\u00f3n y os espero:<\/p>\n<p><img loading=\"lazy\" decoding=\"async\" class=\"aligncenter size-full wp-image-1868\" src=\"http:\/\/donoso.es\/wp-content\/uploads\/2019\/11\/conferencia-ateneo-espartero.jpg\" alt=\"Conferencia en el Ateneo sobre Espartero\" width=\"720\" height=\"540\" srcset=\"https:\/\/donoso.es\/wp-content\/uploads\/2019\/11\/conferencia-ateneo-espartero.jpg 720w, https:\/\/donoso.es\/wp-content\/uploads\/2019\/11\/conferencia-ateneo-espartero-300x225.jpg 300w\" sizes=\"auto, (max-width: 720px) 100vw, 720px\" \/><\/p>\n","protected":false},"excerpt":{"rendered":"<p>Continuamos con la difusi\u00f3n de la memoria del General Espartero. En esta ocasi\u00f3n, y gracias al apoyo del Ateneo de Madrid (Calle del Prado, 21 de Madrid -muy cerca del Congreso de los Diputados) el d\u00eda 12 de diciembre a las 20 horas tendr\u00e9 la oportunidad de hablar sobre este personaje, tan importante en mi [&hellip;]<\/p>\n","protected":false},"author":1,"featured_media":1868,"comment_status":"closed","ping_status":"closed","sticky":false,"template":"","format":"standard","meta":{"footnotes":""},"categories":[251],"tags":[241,242,87,233],"class_list":["post-1867","post","type-post","status-publish","format-standard","has-post-thumbnail","hentry","category-baldomero-espartero","tag-ateneo","tag-conferencia","tag-espartero","tag-lo-que-siempre-quise-contar-de-mi-vida"],"_links":{"self":[{"href":"https:\/\/donoso.es\/index.php?rest_route=\/wp\/v2\/posts\/1867","targetHints":{"allow":["GET"]}}],"collection":[{"href":"https:\/\/donoso.es\/index.php?rest_route=\/wp\/v2\/posts"}],"about":[{"href":"https:\/\/donoso.es\/index.php?rest_route=\/wp\/v2\/types\/post"}],"author":[{"embeddable":true,"href":"https:\/\/donoso.es\/index.php?rest_route=\/wp\/v2\/users\/1"}],"replies":[{"embeddable":true,"href":"https:\/\/donoso.es\/index.php?rest_route=%2Fwp%2Fv2%2Fcomments&post=1867"}],"version-history":[{"count":1,"href":"https:\/\/donoso.es\/index.php?rest_route=\/wp\/v2\/posts\/1867\/revisions"}],"predecessor-version":[{"id":1869,"href":"https:\/\/donoso.es\/index.php?rest_route=\/wp\/v2\/posts\/1867\/revisions\/1869"}],"wp:featuredmedia":[{"embeddable":true,"href":"https:\/\/donoso.es\/index.php?rest_route=\/wp\/v2\/media\/1868"}],"wp:attachment":[{"href":"https:\/\/donoso.es\/index.php?rest_route=%2Fwp%2Fv2%2Fmedia&parent=1867"}],"wp:term":[{"taxonomy":"category","embeddable":true,"href":"https:\/\/donoso.es\/index.php?rest_route=%2Fwp%2Fv2%2Fcategories&post=1867"},{"taxonomy":"post_tag","embeddable":true,"href":"https:\/\/donoso.es\/index.php?rest_route=%2Fwp%2Fv2%2Ftags&post=1867"}],"curies":[{"name":"wp","href":"https:\/\/api.w.org\/{rel}","templated":true}]}}