{"id":1892,"date":"2019-12-14T14:20:37","date_gmt":"2019-12-14T12:20:37","guid":{"rendered":"http:\/\/www.donoso.es\/?p=1892"},"modified":"2020-11-26T12:56:34","modified_gmt":"2020-11-26T10:56:34","slug":"1892","status":"publish","type":"post","link":"https:\/\/donoso.es\/?p=1892","title":{"rendered":"Conferencia en el Ateneo sobre el General Espartero, biograf\u00eda novelada \u00abLo que siempre quise contar de mi vida\u00bb"},"content":{"rendered":"<p>Fue una magnifica tarde en el Ateneo. Hubo preguntas y tertulia muy interesante al final. Nos fuimos a una hora y tres cuartos con todo. La sala estuvo llena, y estuve rodeado de amigos y amigas, de personas que disfrutan de la historia, de mi familia \u00c1ngela Inocente y Emi. Y sobre todo de gente que me transmiti\u00f3 su cari\u00f1o y calor. Si porque asistieron desde el trabajo bastantes personas, pero no por esa condici\u00f3n sino por ser amigos y amigas. Al final algunos miembros del Ateneo solicitaron que repitiera como tertuliano, como conferenciante, cosa que por supuesto har\u00e9.<\/p>\n<p>Estuvo D. Juan Antonio Callejas, alcalde de Villamayor, lugar de nacimiento de la madre de Espartero. Tambi\u00e9n es congresista ya que ha salido electo por Ciudad Real en las \u00faltimas elecciones.<\/p>\n<p>Hay que decir que asistir esa noche fue un acto de mucha voluntad. La noche no es que fuera mala, \u00a0era peor: Viento fuerte, lloviendo, fr\u00edo, etc.<\/p>\n<p>Gracias!!!!! Gracias!!!!!<\/p>\n<p>Os dejo alguna foto que me han enviado y tambi\u00e9n el art\u00edculo publicado en el peri\u00f3dico La Comarca de Puertollano.<\/p>\n<p><img loading=\"lazy\" decoding=\"async\" class=\"aligncenter size-large wp-image-1895\" src=\"https:\/\/donoso.es\/wp-content\/uploads\/2019\/12\/ateneo1-1024x768.jpg\" alt=\"\" width=\"1024\" height=\"768\" srcset=\"https:\/\/donoso.es\/wp-content\/uploads\/2019\/12\/ateneo1-1024x768.jpg 1024w, https:\/\/donoso.es\/wp-content\/uploads\/2019\/12\/ateneo1-300x225.jpg 300w, https:\/\/donoso.es\/wp-content\/uploads\/2019\/12\/ateneo1-768x576.jpg 768w, https:\/\/donoso.es\/wp-content\/uploads\/2019\/12\/ateneo1-1536x1152.jpg 1536w, https:\/\/donoso.es\/wp-content\/uploads\/2019\/12\/ateneo1.jpg 2048w\" sizes=\"auto, (max-width: 1024px) 100vw, 1024px\" \/><\/p>\n<p><img loading=\"lazy\" decoding=\"async\" class=\"aligncenter size-full wp-image-1896\" src=\"https:\/\/donoso.es\/wp-content\/uploads\/2019\/12\/ateneo7.jpg\" alt=\"\" width=\"902\" height=\"618\" srcset=\"https:\/\/donoso.es\/wp-content\/uploads\/2019\/12\/ateneo7.jpg 902w, https:\/\/donoso.es\/wp-content\/uploads\/2019\/12\/ateneo7-300x206.jpg 300w, https:\/\/donoso.es\/wp-content\/uploads\/2019\/12\/ateneo7-768x526.jpg 768w\" sizes=\"auto, (max-width: 902px) 100vw, 902px\" \/><\/p>\n<p><img loading=\"lazy\" decoding=\"async\" class=\"aligncenter size-large wp-image-1897\" src=\"https:\/\/donoso.es\/wp-content\/uploads\/2019\/12\/ateneo6-577x1024.jpg\" alt=\"\" width=\"577\" height=\"1024\" srcset=\"https:\/\/donoso.es\/wp-content\/uploads\/2019\/12\/ateneo6-577x1024.jpg 577w, https:\/\/donoso.es\/wp-content\/uploads\/2019\/12\/ateneo6-169x300.jpg 169w, https:\/\/donoso.es\/wp-content\/uploads\/2019\/12\/ateneo6-768x1364.jpg 768w, https:\/\/donoso.es\/wp-content\/uploads\/2019\/12\/ateneo6-865x1536.jpg 865w, https:\/\/donoso.es\/wp-content\/uploads\/2019\/12\/ateneo6.jpg 1054w\" sizes=\"auto, (max-width: 577px) 100vw, 577px\" \/><\/p>\n<h1>Juan Antonio Callejas asisti\u00f3 en Madrid a la presentaci\u00f3n de un nuevo libro sobre el general Espartero<\/h1>\n<p><time datetime=\"\">13 Diciembre 2019<\/time><\/p>\n<div class=\"address\"><span class=\"place\">Lanza GRAN\u00c1TULA DE CALATRAVA<br \/>\n<img loading=\"lazy\" decoding=\"async\" class=\"aligncenter size-full wp-image-2045\" src=\"https:\/\/donoso.es\/wp-content\/uploads\/2019\/12\/B899DFC6-C123-4DC1-A411-89183A8EE4F6.jpeg\" alt=\"\" width=\"949\" height=\"712\" srcset=\"https:\/\/donoso.es\/wp-content\/uploads\/2019\/12\/B899DFC6-C123-4DC1-A411-89183A8EE4F6.jpeg 949w, https:\/\/donoso.es\/wp-content\/uploads\/2019\/12\/B899DFC6-C123-4DC1-A411-89183A8EE4F6-300x225.jpeg 300w, https:\/\/donoso.es\/wp-content\/uploads\/2019\/12\/B899DFC6-C123-4DC1-A411-89183A8EE4F6-768x576.jpeg 768w\" sizes=\"auto, (max-width: 949px) 100vw, 949px\" \/><br \/>\n<\/span><\/div>\n<div>\n<p>Callejas junto al autor del libro \/ Lanza<\/p>\n<\/div>\n<h2 class=\"summary\">Su madre era natural de Villamayor de Calatrava, pueblo del que es alcalde<\/h2>\n<p>El diputado del PP por Ciudad Real en el Congreso de los Diputados y alcalde de Villamayor de Calatrava, Juan Antonio Callejas, asisti\u00f3 el pasado jueves en \u00a0el Ateneo de Madrid, a la conferencia y presentaci\u00f3n del libro: \u201cBiograf\u00eda novelada del General Espartero: Lo que siempre quise contar de mi vida\u201d, por su autor, Juan Jes\u00fas Donoso Aza\u00f1\u00f3n, quien aborda la singular vida y actividad pol\u00edtica de este militar, nacido en Gran\u00e1tula de Calatrava, que lleg\u00f3 a ser Regente del Reino y presidente del Consejo de Ministros y que puso fin a la primera guerra carlista.<\/p>\n<p>Callejas tuvo ocasi\u00f3n de charlar con el autor del libro e informarle de que la madre de Espartero hab\u00eda nacido precisamente en Villamayor de Calatrava, pueblo del que es alcalde desde 2011.<\/p>\n<p>Esta Biograf\u00eda Novelada de D. Joaquin Baldomero Fern\u00e1ndez \u2013 Espartero y Alvarez de Toro es un libro escrito en primera persona que cuenta la vida del General Espartero, que fue Regente del Reino, Presidente del Consejo de Ministros, Conde de Luchana, Donde de Morella, Duque de la Victoria y Pr\u00edncipe de Vergara. Actor primordial en la historia contempor\u00e1nea de Espa\u00f1a y sin quien no podr\u00eda entenderse lo que es actualmente Espa\u00f1a.<\/p>\n<p>El libro recorre su vida completa desde su infancia en Gran\u00e1tula de Calatrava, donde naci\u00f3, hasta su muerte en Logro\u00f1o, ciudad que le acogi\u00f3 como lugare\u00f1o, que descubre las haza\u00f1as hasta el Abrazo de Vergara con el que se puso fin a la Primera Guerra Carlista, su paso por el Gobierno y toda aquella \u00e9poca de los mandatos de Fernando VII, la regencia de Mar\u00eda Cristina, Isabel II, etc.<\/p>\n<p>Una vez retirado en Logro\u00f1o, su casa fue lugar de visita y consultas de personajes de la talla de Alfonso XII, Amadeo de Saboya, el presidente de la I Rep\u00fablica o Salustiano Ol\u00f3zaga, entre otros.<\/p>\n<div><\/div>\n","protected":false},"excerpt":{"rendered":"<p>Fue una magnifica tarde en el Ateneo. Hubo preguntas y tertulia muy interesante al final. Nos fuimos a una hora y tres cuartos con todo. La sala estuvo llena, y estuve rodeado de amigos y amigas, de personas que disfrutan de la historia, de mi familia \u00c1ngela Inocente y Emi. Y sobre todo de gente [&hellip;]<\/p>\n","protected":false},"author":1,"featured_media":1895,"comment_status":"closed","ping_status":"closed","sticky":false,"template":"","format":"standard","meta":{"footnotes":""},"categories":[251],"tags":[241,219,218,249,242,87,248,233],"class_list":["post-1892","post","type-post","status-publish","format-standard","has-post-thumbnail","hentry","category-baldomero-espartero","tag-ateneo","tag-baldomero","tag-biografia","tag-biografia-novelada","tag-conferencia","tag-espartero","tag-juan-jesus-donoso-azanon","tag-lo-que-siempre-quise-contar-de-mi-vida"],"_links":{"self":[{"href":"https:\/\/donoso.es\/index.php?rest_route=\/wp\/v2\/posts\/1892","targetHints":{"allow":["GET"]}}],"collection":[{"href":"https:\/\/donoso.es\/index.php?rest_route=\/wp\/v2\/posts"}],"about":[{"href":"https:\/\/donoso.es\/index.php?rest_route=\/wp\/v2\/types\/post"}],"author":[{"embeddable":true,"href":"https:\/\/donoso.es\/index.php?rest_route=\/wp\/v2\/users\/1"}],"replies":[{"embeddable":true,"href":"https:\/\/donoso.es\/index.php?rest_route=%2Fwp%2Fv2%2Fcomments&post=1892"}],"version-history":[{"count":12,"href":"https:\/\/donoso.es\/index.php?rest_route=\/wp\/v2\/posts\/1892\/revisions"}],"predecessor-version":[{"id":2047,"href":"https:\/\/donoso.es\/index.php?rest_route=\/wp\/v2\/posts\/1892\/revisions\/2047"}],"wp:featuredmedia":[{"embeddable":true,"href":"https:\/\/donoso.es\/index.php?rest_route=\/wp\/v2\/media\/1895"}],"wp:attachment":[{"href":"https:\/\/donoso.es\/index.php?rest_route=%2Fwp%2Fv2%2Fmedia&parent=1892"}],"wp:term":[{"taxonomy":"category","embeddable":true,"href":"https:\/\/donoso.es\/index.php?rest_route=%2Fwp%2Fv2%2Fcategories&post=1892"},{"taxonomy":"post_tag","embeddable":true,"href":"https:\/\/donoso.es\/index.php?rest_route=%2Fwp%2Fv2%2Ftags&post=1892"}],"curies":[{"name":"wp","href":"https:\/\/api.w.org\/{rel}","templated":true}]}}