{"id":1911,"date":"2019-08-14T21:18:00","date_gmt":"2019-08-14T19:18:00","guid":{"rendered":"http:\/\/www.donoso.es\/?p=1911"},"modified":"2019-12-14T21:20:39","modified_gmt":"2019-12-14T19:20:39","slug":"el-general-espartero-breve-resena-sobre-su-vida","status":"publish","type":"post","link":"https:\/\/donoso.es\/?p=1911","title":{"rendered":"El General Espartero (breve rese\u00f1a sobre su vida)"},"content":{"rendered":"<p><b>Joaqu\u00edn Baldomero Fern\u00e1ndez &#8211; Espartero y \u00c1lvarez de Toro, naci\u00f3 en\u00a0<u>Gran\u00e1tula de Calatrava<\/u> el 27 de febrero de 1793, hijo del matrimonio formado por Manuel Antonio Fern\u00e1ndez &#8211; Espartero y Ca\u00f1adas y JosefaVicenta \u00c1lvarez de Toro y Molina. El padre pose\u00eda un taller de carreter\u00eda que hab\u00eda pertenecido a sus antepasados desde hac\u00eda varias generaciones y tambi\u00e9n tierras de labranza por lo que estaba considerado como un ciudadano si no hacendado al menos acomodado.<\/b><b>El joven Joaqu\u00edn Baldomero, preparado por el preceptor de gram\u00e1tica de Gran\u00e1tula, D. Antonio Meoro, amigo de su padre, ingres\u00f3 en la Universidad de Almagro donde curs\u00f3 estudios durante tres a\u00f1os, obteniendo el t\u00edtulo de Bachiller en Artes y Filosof\u00eda, el 23 de junio de 1807. Unos d\u00edas despu\u00e9s, el 5 de julio de dicho a\u00f1o se cierran las universidades por orden de Carlos IV y al a\u00f1o siguiente, mayo 1808, estalla la guerra de la Independencia.<\/b><\/p>\n<p><b>Particip\u00f3 en dicha guerra, al ser reclutado como la mayor\u00eda de la juventud manchega, ya que hab\u00eda que formar un Cuerpo de Ej\u00e9rcito de 20.000 hombres, seg\u00fan las instrucciones de la Junta Central del Reino, para oponerse al paso de las tropas francesas aqu\u00ed en La Mancha y detener su avance hacia Andaluc\u00eda. Fue alistado en el Regimiento de Ciudad Real como \u00absoldado distinguido\u00bb, es decir exento de servicios mec\u00e1nicos por su calidad de estudiante.<\/b><\/p>\n<p><b>La primera acci\u00f3n b\u00e9lica en la que particip\u00f3 fue en la batalla de Oca\u00f1a, desastrosa para las armas espa\u00f1olas. Tras este fracaso, al reorganizarse nuestras tropas se alista en el Batall\u00f3n de Honor de la Universidad de Toledo, formado exclusivamente por estudiantes universitarios; pasando de aqu\u00ed a la Academia Militar de la Isla de Le\u00f3n (C\u00e1diz), de donde sali\u00f3 con la graduaci\u00f3n de Subteniente.<\/b><\/p>\n<p><b>Terminada la guerra de la Independencia se alista en la expedici\u00f3n que al mando del General Morillo, se destina a apaciguar nuestros territorios de Am\u00e9rica, que deseaban la independencia de Espa\u00f1a, para lo cual ingresa en el Regimiento de Extremadura con el grado de Teniente (2-12-1814), partiendo de C\u00e1diz el 1-2-1815.<\/b><\/p>\n<p><b>En Am\u00e9rica, a donde llega a primeros de abril de 1815 es donde empieza a destacar entre sus compa\u00f1eros, pues fruto de sus estudios en la Academia de Ingenieros ser\u00e1 la construcci\u00f3n de reductos, trincheras, levantamiento de planos topogr\u00e1ficos, etc. de m\u00e1xima utilidad para el desarrollo de las operaciones militares. A sus estudios universitarios deber\u00e1 su cultura para desenvolverse con soltura entre compa\u00f1eros, subordinados y superiores. Cualidades a las que hay que a\u00f1adir su valent\u00eda y arrojo personal en los innumerables combates contra los insurrectos; lo que le hace ir ascendiendo profesionalmente y siempre por m\u00e9ritos de guerra, llegando a Brigadier y el 11 de octubre de 1823 se le nombra Jefe del Estado Mayor del Ej\u00e9rcito de Per\u00fa, a los 30 a\u00f1os de edad.<\/b><\/p>\n<p><b>En mayo de 1824 es tal el prestigio alcanzado por el brigadier Espartero que el virrey La Serna no duda en encomendarle la misi\u00f3n de ir a Espa\u00f1a a exponer de palabra al rey Fernando VII y su Gobierno cuanto all\u00ed estaba sucediendo. Cumplida esta misi\u00f3n en Espa\u00f1a, embarca de nuevo el 9 de diciembre de 1824, en el puerto franc\u00e9s de Burdeos con rumbo a Am\u00e9rica, siendo ese d\u00eda el de la batalla de Ayacucho, por la que se perdi\u00f3 el virreinato del Per\u00fa para Espa\u00f1a; sin que Espartero participara en tal batalla como se le ha querido atribuir.<\/b><\/p>\n<p><b>En mayo de 1825 desembarca en el puerto de Quilca, desconociendo la derrota de las tropas espa\u00f1olas, siendo hecho Prisionero de los seguidores de Bol\u00edvar, siendo tratado con una inhumanidad de las que no hay ejemplo, pudiendo salvarse del fusilamiento y de la prisi\u00f3n gracias a la intervenci\u00f3n de una dama \u00abmuy allegada a Bol\u00edvar\u00bb a la que recurrieron sus compa\u00f1eros de armas y en especial el abogado espa\u00f1ol Sr. Gonz\u00e1lez Ola\u00f1eta, a la saz\u00f3n en el Per\u00fa. Recuperada su libertad emprendi\u00f3 el regreso a Espa\u00f1a desembarcando nuevamente en Burdeos y una vez en nuestra patria fue destinado de cuartel a Pamplona donde conoci\u00f3 a la se\u00f1orita Jacinta Mart\u00ednez de Sicilia y Santa Cruz con la que contrajo matrimonio el 13 de septiembre, de 1827.<\/b><\/p>\n<p><b>Tras breves destinos en Barcelona y Mallorca vuelve a la pen\u00ednsula para participar en la guerra carlista, donde continuar\u00e1 los ascensos, siempre por m\u00e9ritos de guerra; as\u00ed como los t\u00edtulos nobiliarios (Vizconde de Banderas, Conde de Luchana, Duque de la Victoria,Duque de Moreli) con que le honra la Reina-Regente y tambi\u00e9n el mando supremo del ej\u00e9rcito isabelino, que a partir de ese momento va de victoria en victoria, llegando al Convenio de Vergara con el que se pone un fin honroso a la guerra civil, pues el ej\u00e9rcito carlista desde las acciones de Ramales y Guardamino se ve\u00eda ya totalmente derrotado.<\/b><\/p>\n<p><b>Si el levantamiento del cerco de Bilbao, la Nochebuena del a\u00f1o 1836, le dio fama a Espartero, la feliz terminaci\u00f3n de la guerra con el \u00ababrazo de Vergara\u00bb en el que ambos ej\u00e9rcitos se abrazaron, de la misma forma que lo hicieron sus respectivos jefes Espartero y Maroto, elev\u00f3 al jefe del Ej\u00e9rcito isabelino a la apoteosis internacional, dando al mundo una lecci\u00f3n de hidalgu\u00eda y caballerosidad que no ha tenido imitaci\u00f3n todav\u00eda, pues en el Convenio se estipulaba que todos aquellos oficiales y jefes carlistas que reconocierana Isabel II como Reina de Espa\u00f1a, se integrar\u00edan en el ej\u00e9rcito con igual graduaci\u00f3n y sin discriminaci\u00f3n.<\/b><\/p>\n<p><b>Terminada la guerra carlista la reina regente Mar\u00eda Cristina de Borb\u00f3n, madre de Isabel II, cuya vida privada no era todo lo ejemplar que debiera, siendo consentida y ocultada por el partido moderado para mantenerse en el gobierno de la naci\u00f3n, lleg\u00f3 un momento en el que dicha vida privada sali\u00f3 a la calle como represalia por la firma de la Ley de Ayuntamientos por la reina regente, desoyendo el consejo de Espartero que ante la impopularidad de dicha Ley le hab\u00eda suplicado que no la firmara. Se sublevaron las principales ciudades de Espa\u00f1a y ante tales sucesos Mar\u00eda Cristina se vio obligada a renunciar a la Regencia antes que pasar por la verg\u00fcenza de quese debatiera en el Congreso su verdadero estado civil (viuda, casada,&#8230;)ante los reiterados estados de gestaci\u00f3n y alumbramiento, ya que para ser Regente deb\u00eda permanecer viuda.<\/b><\/p>\n<p><b>Tras esta renuncia de Mar\u00eda Cristina, se reunieron las Cortes del Reino, eligiendo\u00a0<a name=\"espar2\"><\/a><a href=\"http:\/\/oretum.es\/asocia_h_3_esp2.html\">Regente al general Espartero<\/a>, por ser considerado el espa\u00f1ol con m\u00e1s m\u00e9ritos para ello. Pero las intrigas pol\u00edticas y envidias personales no cesaron hasta derribarle de la Regencia, sin que \u00e9sta llegara a su t\u00e9rmino legal, teniendo que expatriarse a Inglaterra donde fue acogido generosamente y agasajado con arreglo a su rango, incluso por la propia reina Victoria.<\/b><\/p>\n<p><b>Cinco a\u00f1os dur\u00f3 el exilio de Espartero en Londres, durante los cuales no falt\u00f3 qui\u00e9n intrigara, avisando algeneral Narv\u00e1ez (el m\u00e1s encarnizado enemigo de Espartero) a la saz\u00f3n Jefe del Gobierno, de que Espartero pensaba desembarcar en la pen\u00ednsula para provocar una sublevaci\u00f3n; por lo que Narv\u00e1ez dio una orden secreta en la que dispon\u00eda, que si llegaba a suceder tal desembarco Espartero fuera hecho prisionero y fusilado \u00absin mediar m\u00e1s tiempo que el necesario para identificarlo\u00bb. El tiempo se encarg\u00f3 de demostrar que tal aviso o comunicado hab\u00edasido falso, por lo que Narv\u00e1ez recapacit\u00f3 e invit\u00f3 a Espartero a regresar a Espa\u00f1a rehabilit\u00e1ndolo en todos sus grados y honores. Retirose a Logro\u00f1o, a donde Narv\u00e1ez le envi\u00f3 un emisario anunci\u00e1ndole que iba a proponerle a la reina Isabel II que le concediera el t\u00edtulo de Pr\u00edncipe, como acto de desagravio a su persona, lo que Espartero rechaz\u00f3 de plano.<\/b><\/p>\n<p><b>En 1854, la sublevaci\u00f3n del general O&#8217;Donell hizo que la reina Isabel II llamara a Espartero, quien trat\u00f3 de solucionar pac\u00edficamente tal situaci\u00f3n formando un Gobierno presidido por \u00e9l e incluyendo a O&#8217;Donell como ministro de la Guerra. Gobierno que dur\u00f3 dos a\u00f1os (Bienio Progresista) debido a las intrigas de O&#8217;Donell, que desplaz\u00f3 a Espartero para ocupar \u00e9l su puesto. Al despedirse Espartero de la Reina le dijo: \u00abCuando la revoluci\u00f3n vuelva a llamar a las puertas de este palacio no vuelva Vuestra Majestad a acordarse de mi persona\u00bb. Tras este desenga\u00f1o pol\u00edtico e ingratitud por parte de la Reina, Espartero se retir\u00f3 definitivamente a Logro\u00f1o.<\/b><\/p>\n<p><b>La revoluci\u00f3n lleg\u00f3 en septiembre de 1868, pero en esta ocasi\u00f3n alcanz\u00f3 a la Reina, siendo destronada Isabel II, que tuvo que emprender el camino del exilio. Espartero que desde su retiro de Logro\u00f1o contempl\u00f3 estos acontecimientos con gran pena y dolor, ya que una gran parte de su vida la hab\u00eda dedicado a defender los derechos de la reina ni\u00f1a y a afianzarla en el trono de sus mayores, vio que todos sus esfuerzos e ilusiones hab\u00edan resultado in\u00fatiles.<\/b><\/p>\n<p><b>Reunidas las Cortes Constituyentes, trataron de elegir un nuevo Monarca que no perteneciera a la familia Borb\u00f3n y una gran parte del pueblo espa\u00f1ol pens\u00f3 en Espartero, hasta tal punto que el general Prim, Presidente del Gobierno, le dirigi\u00f3 una carta ofreci\u00e9ndole la Corona de Espa\u00f1a, que Espartero muy dignamente rehus\u00f3.<\/b><\/p>\n<p><b>Despu\u00e9s la Corona Espa\u00f1ola fue aceptada por D. Amadeo de Saboya, quien deseoso de conocer a tan egregio personaje le visita enLogro\u00f1o, concedi\u00e9ndole el t\u00edtulo de Pr\u00edncipe de Vergara. Tras el ef\u00edmero reinado de este Monarca, es proclamada la I Rep\u00fablica, cuyos cuatro Presidentes siguen rindiendo pleites\u00eda al viejo Caudillo; y por si no fuera suficiente el joven rey Alfonso XII al recuperar el Trono de su Madre, desea tambi\u00e9n conocer al Pacificador de Espa\u00f1a, visit\u00e1ndolo en Logro\u00f1o.<\/b><\/p>\n<p><b>De igual forma hab\u00eda ido desfilando por la capital riojana la mayor parte de sus enemigos y correligionarios pol\u00edticos (que en m\u00e1s de una ocasi\u00f3n le volvieron la espalda) para entonar el \u00abmea culpa\u00bb ante el sin par hijo del carretero de Gran\u00e1tula, quien admirado y respetado por todos los espa\u00f1oles, se extingui\u00f3 tras una larga y azarosa vida el d\u00eda 8 de enero de 1879 a los 86 a\u00f1os de edad.<\/b><\/p>\n","protected":false},"excerpt":{"rendered":"<p>Joaqu\u00edn Baldomero Fern\u00e1ndez &#8211; Espartero y \u00c1lvarez de Toro, naci\u00f3 en\u00a0Gran\u00e1tula de Calatrava el 27 de febrero de 1793, hijo del matrimonio formado por Manuel Antonio Fern\u00e1ndez &#8211; Espartero y Ca\u00f1adas y JosefaVicenta \u00c1lvarez de Toro y Molina. El padre pose\u00eda un taller de carreter\u00eda que hab\u00eda pertenecido a sus antepasados desde hac\u00eda varias generaciones [&hellip;]<\/p>\n","protected":false},"author":1,"featured_media":1912,"comment_status":"closed","ping_status":"closed","sticky":false,"template":"","format":"standard","meta":{"footnotes":""},"categories":[251],"tags":[219,87,250],"class_list":["post-1911","post","type-post","status-publish","format-standard","has-post-thumbnail","hentry","category-baldomero-espartero","tag-baldomero","tag-espartero","tag-joaquin-baldomero-fernandez-espartero-y-alvarez-de-toro"],"_links":{"self":[{"href":"https:\/\/donoso.es\/index.php?rest_route=\/wp\/v2\/posts\/1911","targetHints":{"allow":["GET"]}}],"collection":[{"href":"https:\/\/donoso.es\/index.php?rest_route=\/wp\/v2\/posts"}],"about":[{"href":"https:\/\/donoso.es\/index.php?rest_route=\/wp\/v2\/types\/post"}],"author":[{"embeddable":true,"href":"https:\/\/donoso.es\/index.php?rest_route=\/wp\/v2\/users\/1"}],"replies":[{"embeddable":true,"href":"https:\/\/donoso.es\/index.php?rest_route=%2Fwp%2Fv2%2Fcomments&post=1911"}],"version-history":[{"count":1,"href":"https:\/\/donoso.es\/index.php?rest_route=\/wp\/v2\/posts\/1911\/revisions"}],"predecessor-version":[{"id":1913,"href":"https:\/\/donoso.es\/index.php?rest_route=\/wp\/v2\/posts\/1911\/revisions\/1913"}],"wp:featuredmedia":[{"embeddable":true,"href":"https:\/\/donoso.es\/index.php?rest_route=\/wp\/v2\/media\/1912"}],"wp:attachment":[{"href":"https:\/\/donoso.es\/index.php?rest_route=%2Fwp%2Fv2%2Fmedia&parent=1911"}],"wp:term":[{"taxonomy":"category","embeddable":true,"href":"https:\/\/donoso.es\/index.php?rest_route=%2Fwp%2Fv2%2Fcategories&post=1911"},{"taxonomy":"post_tag","embeddable":true,"href":"https:\/\/donoso.es\/index.php?rest_route=%2Fwp%2Fv2%2Ftags&post=1911"}],"curies":[{"name":"wp","href":"https:\/\/api.w.org\/{rel}","templated":true}]}}