{"id":1928,"date":"2020-01-09T18:58:09","date_gmt":"2020-01-09T16:58:09","guid":{"rendered":"http:\/\/www.donoso.es\/?p=1928"},"modified":"2021-02-14T11:53:16","modified_gmt":"2021-02-14T09:53:16","slug":"las-constituciones-segun-espartero","status":"publish","type":"post","link":"https:\/\/donoso.es\/?p=1928","title":{"rendered":"Las Constituciones seg\u00fan Espartero"},"content":{"rendered":"<p>En esta ocasi\u00f3n incluy\u00f3 textos, entresacados de la documentaci\u00f3n que tengo, sobre la opini\u00f3n de Espartero de la libertad de elecci\u00f3n y las Constituciones.<\/p>\n<p>Para algunos todas las constituciones son buenas y dicen que el caso es observarlas, pero yo no estoy conforme con esa generalidad, pues las constituciones, como todo, pueden ser buenas y pueden ser malas.<\/p>\n<p>Las que se fundan en la naturaleza del hombre creado libre por el Hacedor, y le consideran igual ante la ley al que por sus riquezas o por su alcurnia pretende un origen m\u00e1s elevado y a\u00fan privilegiado, son buenas.<\/p>\n<p>Las que crean jerarqu\u00edas pol\u00edticas son malas, porque faltando a la igualdad, humillan a los hombres, quienes acaso transmiten a su descendencia un puesto pol\u00edtico que puramente debe ser personal, si lo merecen, y hasta donde lo merezcan. Dejad a las consideraciones sociales arreglar estos asuntos; pero no mezcl\u00e9is la autoridad de la ley ni su fuerza en ellos.<\/p>\n<p>Yo respeto al virtuoso, porque me edifica; al sabio, porque me aconseja; al rico, porque necesito de su bondad y de sus auxilios; al ilustre porque me recuerda la tradici\u00f3n de hechos heroicos y me ense\u00f1a el camino el honor y de la gloria; y para esto no necesito m\u00e1s que la benevolencia que me inculcaron mis padres y mis maestros con sus palabras y con sus ejemplos. No quiero que me lo impongan los legisladores pol\u00edticos, porque le quitan el m\u00e9rito y me ofenden. Tambi\u00e9n debo respetar al anciano, porque me re recuerda que yo lo ser\u00e9 necesariamente, y tambi\u00e9n al pobre, porque me advierte que yo podr\u00e9 llegar a serlo, cuando \u00e9l mejore de fortuna.<\/p>\n<p>Los llamados derechos pol\u00edticos no son otra cosa que ejercicios de la libertad y facultad humanas concedidos al hombre; y el quit\u00e1rselos, es un atentado, porque los tiene por Dios y la naturaleza. As\u00ed es que el derecho electoral restringido a clases determinadas, y sujeto a la cuant\u00eda de la materia imponible para contribuir al Erario o a una cantidad fija de contribuci\u00f3n, es adem\u00e1s una injusticia altamente irrisoria en un pa\u00eds gobernado constitucionalmente. Por eso los mismos reyes absolutos, entre nosotros, no privaron del sufragio al vecino, por solo el hecho de ser hombre interesado en la conservaci\u00f3n de la sociedad, en todo lo que se refer\u00eda al gobierno del municipio, ya que entonces no hubiere otras elecciones populares y pol\u00edticas; y eso era, porque conoc\u00edan que el que tiene poco, lo estima tanto como el que tiene mucho, y si caso m\u00e1s.<\/p>\n<p>Las constituciones y los derechos pol\u00edticos en ellas y en las leyes que de ellas emanan, se fijan, parten de un mismo origen: de la naturaleza del hombre, de su estudio, de sus medios, de sus facultades, de sus fines. Por eso se deben dictar mirando al cielo, as\u00ed como cuando se sancionan contra la arbitrariedad del que manda, se debe mirar a la tierra, porque ese abusa m\u00e1s f\u00e1cilmente del poder cuanto m\u00e1s se habit\u00faa el hombre a mirarlo como un derecho, cuando no es m\u00e1s que una concesi\u00f3n.<\/p>\n<p>&nbsp;<\/p>\n","protected":false},"excerpt":{"rendered":"<p>Opini\u00f3n de Espartero sobre las Constituciones<\/p>\n","protected":false},"author":1,"featured_media":1753,"comment_status":"open","ping_status":"closed","sticky":false,"template":"","format":"standard","meta":{"footnotes":""},"categories":[251],"tags":[123,87,254,250,57],"class_list":["post-1928","post","type-post","status-publish","format-standard","has-post-thumbnail","hentry","category-baldomero-espartero","tag-constitucion","tag-espartero","tag-general-espartero","tag-joaquin-baldomero-fernandez-espartero-y-alvarez-de-toro","tag-politica"],"_links":{"self":[{"href":"https:\/\/donoso.es\/index.php?rest_route=\/wp\/v2\/posts\/1928","targetHints":{"allow":["GET"]}}],"collection":[{"href":"https:\/\/donoso.es\/index.php?rest_route=\/wp\/v2\/posts"}],"about":[{"href":"https:\/\/donoso.es\/index.php?rest_route=\/wp\/v2\/types\/post"}],"author":[{"embeddable":true,"href":"https:\/\/donoso.es\/index.php?rest_route=\/wp\/v2\/users\/1"}],"replies":[{"embeddable":true,"href":"https:\/\/donoso.es\/index.php?rest_route=%2Fwp%2Fv2%2Fcomments&post=1928"}],"version-history":[{"count":1,"href":"https:\/\/donoso.es\/index.php?rest_route=\/wp\/v2\/posts\/1928\/revisions"}],"predecessor-version":[{"id":1929,"href":"https:\/\/donoso.es\/index.php?rest_route=\/wp\/v2\/posts\/1928\/revisions\/1929"}],"wp:featuredmedia":[{"embeddable":true,"href":"https:\/\/donoso.es\/index.php?rest_route=\/wp\/v2\/media\/1753"}],"wp:attachment":[{"href":"https:\/\/donoso.es\/index.php?rest_route=%2Fwp%2Fv2%2Fmedia&parent=1928"}],"wp:term":[{"taxonomy":"category","embeddable":true,"href":"https:\/\/donoso.es\/index.php?rest_route=%2Fwp%2Fv2%2Fcategories&post=1928"},{"taxonomy":"post_tag","embeddable":true,"href":"https:\/\/donoso.es\/index.php?rest_route=%2Fwp%2Fv2%2Ftags&post=1928"}],"curies":[{"name":"wp","href":"https:\/\/api.w.org\/{rel}","templated":true}]}}