{"id":2154,"date":"2018-01-24T19:55:02","date_gmt":"2018-01-24T17:55:02","guid":{"rendered":"https:\/\/donoso.es\/?p=2154"},"modified":"2021-02-13T14:03:13","modified_gmt":"2021-02-13T12:03:13","slug":"los-judas-una-tradicion-granatulena","status":"publish","type":"post","link":"https:\/\/donoso.es\/?p=2154","title":{"rendered":"Los judas, una tradici\u00f3n granatule\u00f1a"},"content":{"rendered":"<p>En esta ocasi\u00f3n os dejo una tradici\u00f3n granatule\u00f1a que tiene lugar en las fechas de Carnaval, \u00abLos judas\u00bb. Mu\u00f1ecos que cobran vida contando de forma sat\u00edrica la actualidad. Las im\u00e1genes que acompa\u00f1an abajo fueron tomadas antes de la pandemia, en el a\u00f1o de la celebraci\u00f3n del 225 aniversario del nacimiento del General Espartero y tambi\u00e9n con la preparaci\u00f3n de las jornadas \u00edbero romanas en Oreto, una forma de reclamar que la importante ciudad de Oreto en nuestro pueblo, en las inmedicaciones de la ermita de Nuestra se\u00f1ora de Oreto y Zuqueca, deben ser revitalizadas y excavar hasta encontrar y sacar a la luz entre otras la Catedral visigoda o el Circo Romano.<br \/>\n<img loading=\"lazy\" decoding=\"async\" class=\"aligncenter size-full wp-image-2155\" src=\"https:\/\/donoso.es\/wp-content\/uploads\/2021\/01\/judas8.jpg\" alt=\"\" width=\"960\" height=\"540\" srcset=\"https:\/\/donoso.es\/wp-content\/uploads\/2021\/01\/judas8.jpg 960w, https:\/\/donoso.es\/wp-content\/uploads\/2021\/01\/judas8-300x169.jpg 300w, https:\/\/donoso.es\/wp-content\/uploads\/2021\/01\/judas8-768x432.jpg 768w\" sizes=\"auto, (max-width: 960px) 100vw, 960px\" \/><\/p>\n<p><img loading=\"lazy\" decoding=\"async\" class=\"aligncenter size-large wp-image-2156\" src=\"https:\/\/donoso.es\/wp-content\/uploads\/2021\/01\/judas7.jpg\" alt=\"\" width=\"528\" height=\"960\" srcset=\"https:\/\/donoso.es\/wp-content\/uploads\/2021\/01\/judas7.jpg 528w, https:\/\/donoso.es\/wp-content\/uploads\/2021\/01\/judas7-165x300.jpg 165w\" sizes=\"auto, (max-width: 528px) 100vw, 528px\" \/><\/p>\n<p><img loading=\"lazy\" decoding=\"async\" class=\"aligncenter size-large wp-image-2157\" src=\"https:\/\/donoso.es\/wp-content\/uploads\/2021\/01\/judas6.jpg\" alt=\"\" width=\"960\" height=\"540\" srcset=\"https:\/\/donoso.es\/wp-content\/uploads\/2021\/01\/judas6.jpg 960w, https:\/\/donoso.es\/wp-content\/uploads\/2021\/01\/judas6-300x169.jpg 300w, https:\/\/donoso.es\/wp-content\/uploads\/2021\/01\/judas6-768x432.jpg 768w\" sizes=\"auto, (max-width: 960px) 100vw, 960px\" \/><\/p>\n<p><img loading=\"lazy\" decoding=\"async\" class=\"aligncenter size-large wp-image-2158\" src=\"https:\/\/donoso.es\/wp-content\/uploads\/2021\/01\/judas5-1024x768.jpg\" alt=\"\" width=\"1024\" height=\"768\" srcset=\"https:\/\/donoso.es\/wp-content\/uploads\/2021\/01\/judas5-1024x768.jpg 1024w, https:\/\/donoso.es\/wp-content\/uploads\/2021\/01\/judas5-300x225.jpg 300w, https:\/\/donoso.es\/wp-content\/uploads\/2021\/01\/judas5-768x576.jpg 768w, https:\/\/donoso.es\/wp-content\/uploads\/2021\/01\/judas5.jpg 1280w\" sizes=\"auto, (max-width: 1024px) 100vw, 1024px\" \/><\/p>\n<p><img loading=\"lazy\" decoding=\"async\" class=\"aligncenter size-large wp-image-2159\" src=\"https:\/\/donoso.es\/wp-content\/uploads\/2021\/01\/judas4-1024x768.jpg\" alt=\"\" width=\"1024\" height=\"768\" srcset=\"https:\/\/donoso.es\/wp-content\/uploads\/2021\/01\/judas4-1024x768.jpg 1024w, https:\/\/donoso.es\/wp-content\/uploads\/2021\/01\/judas4-300x225.jpg 300w, https:\/\/donoso.es\/wp-content\/uploads\/2021\/01\/judas4-768x576.jpg 768w, https:\/\/donoso.es\/wp-content\/uploads\/2021\/01\/judas4.jpg 1280w\" sizes=\"auto, (max-width: 1024px) 100vw, 1024px\" \/><\/p>\n<p><img loading=\"lazy\" decoding=\"async\" class=\"aligncenter size-large wp-image-2160\" src=\"https:\/\/donoso.es\/wp-content\/uploads\/2021\/01\/judas3-1024x576.jpg\" alt=\"\" width=\"1024\" height=\"576\" srcset=\"https:\/\/donoso.es\/wp-content\/uploads\/2021\/01\/judas3-1024x576.jpg 1024w, https:\/\/donoso.es\/wp-content\/uploads\/2021\/01\/judas3-300x169.jpg 300w, https:\/\/donoso.es\/wp-content\/uploads\/2021\/01\/judas3-768x432.jpg 768w, https:\/\/donoso.es\/wp-content\/uploads\/2021\/01\/judas3-1536x864.jpg 1536w, https:\/\/donoso.es\/wp-content\/uploads\/2021\/01\/judas3.jpg 1600w\" sizes=\"auto, (max-width: 1024px) 100vw, 1024px\" \/><\/p>\n<p><img loading=\"lazy\" decoding=\"async\" class=\"aligncenter size-large wp-image-2161\" src=\"https:\/\/donoso.es\/wp-content\/uploads\/2021\/01\/judas2.jpg\" alt=\"\" width=\"960\" height=\"540\" srcset=\"https:\/\/donoso.es\/wp-content\/uploads\/2021\/01\/judas2.jpg 960w, https:\/\/donoso.es\/wp-content\/uploads\/2021\/01\/judas2-300x169.jpg 300w, https:\/\/donoso.es\/wp-content\/uploads\/2021\/01\/judas2-768x432.jpg 768w\" sizes=\"auto, (max-width: 960px) 100vw, 960px\" \/><\/p>\n<p><img loading=\"lazy\" decoding=\"async\" class=\"aligncenter size-large wp-image-2162\" src=\"https:\/\/donoso.es\/wp-content\/uploads\/2021\/01\/judas1.jpg\" alt=\"\" width=\"960\" height=\"540\" srcset=\"https:\/\/donoso.es\/wp-content\/uploads\/2021\/01\/judas1.jpg 960w, https:\/\/donoso.es\/wp-content\/uploads\/2021\/01\/judas1-300x169.jpg 300w, https:\/\/donoso.es\/wp-content\/uploads\/2021\/01\/judas1-768x432.jpg 768w\" sizes=\"auto, (max-width: 960px) 100vw, 960px\" \/><\/p>\n","protected":false},"excerpt":{"rendered":"<p>En esta ocasi\u00f3n os dejo una tradici\u00f3n granatule\u00f1a que tiene lugar en las fechas de Carnaval, \u00abLos judas\u00bb. Mu\u00f1ecos que cobran vida contando de forma sat\u00edrica la actualidad. Las im\u00e1genes que acompa\u00f1an abajo fueron tomadas antes de la pandemia, en el a\u00f1o de la celebraci\u00f3n del 225 aniversario del nacimiento del General Espartero y tambi\u00e9n [&hellip;]<\/p>\n","protected":false},"author":1,"featured_media":2162,"comment_status":"open","ping_status":"closed","sticky":false,"template":"","format":"standard","meta":{"footnotes":""},"categories":[34],"tags":[9,311,309],"class_list":["post-2154","post","type-post","status-publish","format-standard","has-post-thumbnail","hentry","category-granatula-de-calatrava","tag-granatula","tag-judas","tag-oretum"],"_links":{"self":[{"href":"https:\/\/donoso.es\/index.php?rest_route=\/wp\/v2\/posts\/2154","targetHints":{"allow":["GET"]}}],"collection":[{"href":"https:\/\/donoso.es\/index.php?rest_route=\/wp\/v2\/posts"}],"about":[{"href":"https:\/\/donoso.es\/index.php?rest_route=\/wp\/v2\/types\/post"}],"author":[{"embeddable":true,"href":"https:\/\/donoso.es\/index.php?rest_route=\/wp\/v2\/users\/1"}],"replies":[{"embeddable":true,"href":"https:\/\/donoso.es\/index.php?rest_route=%2Fwp%2Fv2%2Fcomments&post=2154"}],"version-history":[{"count":2,"href":"https:\/\/donoso.es\/index.php?rest_route=\/wp\/v2\/posts\/2154\/revisions"}],"predecessor-version":[{"id":2169,"href":"https:\/\/donoso.es\/index.php?rest_route=\/wp\/v2\/posts\/2154\/revisions\/2169"}],"wp:featuredmedia":[{"embeddable":true,"href":"https:\/\/donoso.es\/index.php?rest_route=\/wp\/v2\/media\/2162"}],"wp:attachment":[{"href":"https:\/\/donoso.es\/index.php?rest_route=%2Fwp%2Fv2%2Fmedia&parent=2154"}],"wp:term":[{"taxonomy":"category","embeddable":true,"href":"https:\/\/donoso.es\/index.php?rest_route=%2Fwp%2Fv2%2Fcategories&post=2154"},{"taxonomy":"post_tag","embeddable":true,"href":"https:\/\/donoso.es\/index.php?rest_route=%2Fwp%2Fv2%2Ftags&post=2154"}],"curies":[{"name":"wp","href":"https:\/\/api.w.org\/{rel}","templated":true}]}}