{"id":3664,"date":"2024-07-24T18:23:13","date_gmt":"2024-07-24T16:23:13","guid":{"rendered":"https:\/\/donoso.es\/?p=3664"},"modified":"2024-08-31T18:33:52","modified_gmt":"2024-08-31T16:33:52","slug":"pregon-2024-fiestas-patronales-de-santiago-santa-ana-y-san-pantaleon","status":"publish","type":"post","link":"https:\/\/donoso.es\/?p=3664","title":{"rendered":"Preg\u00f3n 2024 fiestas patronales De Santiago, Santa Ana y san Pantale\u00f3n"},"content":{"rendered":"<p><strong>La presidenta de la Asociaci\u00f3n Cultural Oretum, M\u00aa del Prado Aza\u00f1\u00f3n, ha pregonado las Fiestas en honor a Santiago, Sana Ana y San Pantale\u00f3n.<\/strong><\/p>\n<p>Gran\u00e1tula de Calatrava (Ciudad Real) ha inaugurado su Feria y Fiestas Patronales 2024, en honor a Santiago, Santa Ana y San Pantale\u00f3n, que se celebrar\u00e1n hasta el domingo, 28 de julio, con el preg\u00f3n anunciador a cargo de la presidenta de la Asociaci\u00f3n Cultural Oretum, M\u00aa del Prado Aza\u00f1\u00f3n.<\/p>\n<p>El acto inaugural ha comenzado con el pasacalles, encabezado por la Banda de M\u00fasica Arriaga de Gran\u00e1tula, y en el que han participado los miembros de la Corporaci\u00f3n Municipal, as\u00ed como varios alcaldes y concejales de la comarca, autoridades militares y religiosas, y vecinos de la localidad, hasta llegar al Auditorio Municipal donde se ha celebrado la gala y el posterior aperitivo para dar comienzo a las Fiestas.<\/p>\n<p>La concejala de Cultura, <strong>Yolanda de la Cruz<\/strong>, que dirigi\u00f3 el acto, se\u00f1alaba el esfuerzo dedicado para planificar la gran variedad de actividades para todas las edades, que invitan a la diversi\u00f3n y conciliaci\u00f3n, destacando algunas como el \u2018Grand Prix\u2019 o los conciertos de las orquestas \u2018Sonital\u2019, \u2018Verano Azul\u2019, y \u2018Otra Movida\u2019, adem\u00e1s de la actuaci\u00f3n de Laura Garc\u00eda y el tributo a ESTOPA.<\/p>\n<p>As\u00ed mismo, <strong>De la Cruz<\/strong> resaltaba su deseo por \u201cpreservar la herencia cultural y fortalecer los lazos sociales y comunitarios entre los vecinos y vecinas para reflejar las tradiciones, creencias y valores a lo largo del tiempo\u201d.<\/p>\n<p>Enhorabuena Prado por este honor que ahora compartimos de ser pregoneros de nuestro pueblo.<\/p>\n","protected":false},"excerpt":{"rendered":"<p>La presidenta de la Asociaci\u00f3n Cultural Oretum, M\u00aa del Prado Aza\u00f1\u00f3n, ha pregonado las Fiestas en honor a Santiago, Sana Ana y San Pantale\u00f3n. Gran\u00e1tula de Calatrava (Ciudad Real) ha inaugurado su Feria y Fiestas Patronales 2024, en honor a Santiago, Santa Ana y San Pantale\u00f3n, que se celebrar\u00e1n hasta el domingo, 28 de julio, [&hellip;]<\/p>\n","protected":false},"author":1,"featured_media":3667,"comment_status":"closed","ping_status":"closed","sticky":false,"template":"","format":"standard","meta":{"footnotes":""},"categories":[34,375],"tags":[774,7,186],"class_list":["post-3664","post","type-post","status-publish","format-standard","has-post-thumbnail","hentry","category-granatula-de-calatrava","category-santiago","tag-prado-azanon-donoso","tag-pregon","tag-pregon-de-las-fiestas-de-santiago"],"_links":{"self":[{"href":"https:\/\/donoso.es\/index.php?rest_route=\/wp\/v2\/posts\/3664","targetHints":{"allow":["GET"]}}],"collection":[{"href":"https:\/\/donoso.es\/index.php?rest_route=\/wp\/v2\/posts"}],"about":[{"href":"https:\/\/donoso.es\/index.php?rest_route=\/wp\/v2\/types\/post"}],"author":[{"embeddable":true,"href":"https:\/\/donoso.es\/index.php?rest_route=\/wp\/v2\/users\/1"}],"replies":[{"embeddable":true,"href":"https:\/\/donoso.es\/index.php?rest_route=%2Fwp%2Fv2%2Fcomments&post=3664"}],"version-history":[{"count":1,"href":"https:\/\/donoso.es\/index.php?rest_route=\/wp\/v2\/posts\/3664\/revisions"}],"predecessor-version":[{"id":3668,"href":"https:\/\/donoso.es\/index.php?rest_route=\/wp\/v2\/posts\/3664\/revisions\/3668"}],"wp:featuredmedia":[{"embeddable":true,"href":"https:\/\/donoso.es\/index.php?rest_route=\/wp\/v2\/media\/3667"}],"wp:attachment":[{"href":"https:\/\/donoso.es\/index.php?rest_route=%2Fwp%2Fv2%2Fmedia&parent=3664"}],"wp:term":[{"taxonomy":"category","embeddable":true,"href":"https:\/\/donoso.es\/index.php?rest_route=%2Fwp%2Fv2%2Fcategories&post=3664"},{"taxonomy":"post_tag","embeddable":true,"href":"https:\/\/donoso.es\/index.php?rest_route=%2Fwp%2Fv2%2Ftags&post=3664"}],"curies":[{"name":"wp","href":"https:\/\/api.w.org\/{rel}","templated":true}]}}