{"id":3893,"date":"2025-08-31T18:53:25","date_gmt":"2025-08-31T16:53:25","guid":{"rendered":"https:\/\/donoso.es\/?p=3893"},"modified":"2025-09-01T11:05:05","modified_gmt":"2025-09-01T09:05:05","slug":"sistema-capitalista-moderno-economia-de-mercado-1-1","status":"publish","type":"post","link":"https:\/\/donoso.es\/?p=3893","title":{"rendered":"Sistema Capitalista Moderno. Econom\u00eda de Mercado. 1.1"},"content":{"rendered":"<h1>1.1.\u00a0\u00a0\u00a0\u00a0\u00a0\u00a0\u00a0\u00a0\u00a0\u00a0\u00a0 Crisis Econ\u00f3mica: \u00bfCrisis de mercado? \u00bfDel capitalismo?<\/h1>\n<p>A menudo quienes aspiran o activamente se esfuerzan en construir \u201cotra econom\u00eda\u201d \u2013m\u00e1s justa, solidaria, no capitalista-, tienden a observar la econom\u00eda dominante como experimentando una crisis profunda, y esperan que de alg\u00fan modo sobrevenga un colapso, una demolici\u00f3n, una paralizaci\u00f3n del mercado, por efecto de su propio peso, de sus contradicciones internas, de sus crisis. Se piensa que cuando ocurra el colapso del mercado ser\u00e1 el momento de \u201cotra econom\u00eda\u201d. En presencia de lo que parece ser hoy el comienzo de una \u201cgran crisis\u201d econ\u00f3mica, muchos anuncian que est\u00e1 a punto de verificarse el fin del capitalismo y, por tanto, que se abre la oportunidad para que la \u201cotra econom\u00eda\u201d se despliegue como la gran soluci\u00f3n.<\/p>\n<p>M\u00e1s all\u00e1 de que palabras como \u201cderrumbe\u201d o \u201ccolapso\u201d, aplicadas a la econom\u00eda son solamente met\u00e1foras. El mercado no se detiene, no deja de funcionar, no se derrumba (a menos que sobrevenga una cat\u00e1strofe que destruya la vida social, por causas ex\u00f3genas al mercado como tal), por m\u00e1s que experimente crisis financieras y econ\u00f3micas de considerable envergadura. Porque el mercado es la interacci\u00f3n y la coordinaci\u00f3n de las decisiones de producci\u00f3n, distribuci\u00f3n y consumo que efect\u00faan permanentemente las personas y sus organizaciones. Desde que existen, y mientras existan seres humanos y organizaciones, ha habido y habr\u00e1 intercambios entre ellos, y el mercado seguir\u00e1 funcionando.<\/p>\n<p>El mercado es un ser vivo y c\u00f3mo tal experimenta transformaciones que pueden ser muy profundas, estructurales. Las transformaciones m\u00e1s importantes y profundas, las experimenta el mercado cuando ocurren en la sociedad fen\u00f3menos que impactan profundamente la vida colectiva, tales como guerras (de las que hay que decir por macabro que parezca que siempre han sido motivo de desarrollo econ\u00f3mico y social), devastaciones naturales, descubrimientos o conquistas de nuevos territorios, innovaciones tecnol\u00f3gicas de alto impacto, incorporaci\u00f3n o agotamiento de importantes fuentes de energ\u00eda, revoluciones sociales, instauraci\u00f3n de un nuevo sistema pol\u00edtico, etc. En tal sentido, es esencial comprender que el mercado se encuentra determinado, que no existe en s\u00ed mismo, que no funciona exclusivamente en base a sus propias din\u00e1micas internas. El mercado es siempre un \u201cmercado determinado\u201d. En tal sentido, no puede descartarse que el mercado llegue a colapsar, hundiendo a las sociedades en un abismo de decadencia catastr\u00f3fica; pero ello no puede ocurrir por causas inherentes al funcionamiento del mercado mismo, sino por impactos ex\u00f3genos.<\/p>\n<p>No obstante lo anterior, debe reconocerse que el mercado es capaz de resistir impactos ex\u00f3genos muy fuertes, frente a los cuales reacciona conforme a sus propias din\u00e1micas internas. Una guerra mundial o una guerra civil pueden alterar dr\u00e1sticamente la conformaci\u00f3n del mercado y la participaci\u00f3n en \u00e9l de los sujetos, pero el mercado sigue funcionando en esos contextos modificados. El mercado sigue funcionando y reacciona con sus propias racionalidades cuando se producen cat\u00e1strofes naturales, cambios tecnol\u00f3gicos, disminuci\u00f3n de los recursos y fuentes de energ\u00eda, etc.<\/p>\n<p>Las din\u00e1micas internas del mercado, en el sentido de sus ciclos, sus crisis y sus fases de expansi\u00f3n, los fen\u00f3menos de inflaci\u00f3n y crecimiento, estancamiento o depresi\u00f3n, sus cambios a nivel de los sistemas e instituciones monetarias y financieras, sus procesos de concentraci\u00f3n y distribuci\u00f3n de la riqueza, son din\u00e1micas que pueden impactar muy hondamente el funcionamiento de la producci\u00f3n, la distribuci\u00f3n de la riqueza, los niveles de consumo y los ritmos de crecimiento. Pero por s\u00ed mismas, tales din\u00e1micas no conducen a una interrupci\u00f3n del funcionamiento del mercado, no lo detienen, no lo hacen colapsar en el sentido de un edificio que se cae y del que s\u00f3lo quedan escombros que recoger. Los cambios y las crisis m\u00e1s hondas que puede experimentar el mercado como efecto de sus propios desequilibrios y \u201ccontradicciones\u201d no llevan a que el mercado como tal desaparezca ni deje de funcionar, aunque ciertamente podr\u00e1n afectar muy seriamente los niveles riqueza y pobreza y condiciones de vida de las personas, las organizaciones y empresas, los pueblos, las naciones y los estados.<\/p>\n<p><a href=\"https:\/\/donoso.es\/wp-content\/uploads\/2025\/09\/1-1.jpg\"><img loading=\"lazy\" decoding=\"async\" class=\"size-full wp-image-3896 alignleft\" src=\"https:\/\/donoso.es\/wp-content\/uploads\/2025\/09\/1-1.jpg\" alt=\"\" width=\"228\" height=\"259\" \/><\/a>El mercado en su funcionamiento interno puede marginar e incluso expulsar a determinados sujetos que participan en \u00e9l. Es m\u00e1s comparto el pensamiento sociol\u00f3gico de Bauman<a href=\"#_ftn1\" name=\"_ftnref1\">[1]<\/a> que nos lleva al final a la conclusi\u00f3n de que los pobres son da\u00f1os colaterales (como eufem\u00edsticamente se dice ahora) del sistema; sin pobres no hay clase media que fundamenta el capitalismo. De hecho, en el mercado las m\u00e1s grandes e importantes empresas pueden caer en bancarrota, los pa\u00edses m\u00e1s ricos pueden entrar en decadencia, otros pueden entrar en situaciones de gran pobreza y miseria, y much\u00edsimas personas pueden perder todos sus bienes y recursos. Pero lo m\u00e1s seguro es que el mercado siga funcionando, con nuevos, con distintos, e incluso con menos integrantes; pero se ve menos afectado de lo que se cree, por lo que ocurra a tales o cuales individuos, a tales o cuales grandes empresas, a tales o cuales pa\u00edses.<\/p>\n<p>En el mercado participan de hecho todos los sujetos, individuales y colectivos, todas las organizaciones e instituciones, todos los Estados y las comunidades, todos los pa\u00edses y las regiones. La participaci\u00f3n de cada uno de estos sujetos, sin embargo, puede ser y de hecho es muy diferenciada, en cuanto unos participan m\u00e1s y otros menos, pero todos los sujetos fundamentan el sistema. Es m\u00e1s por duro que parezca el estado del bienestar es base y pilar del sistema capitalismo manteniendo los \u201cda\u00f1os colaterales\u201d dentro de unos par\u00e1metros aceptables por la sociedad, formando parte de este sistema las Organizaciones No Gubernamentales, Tercer Sector, etc. como guardianes para que la pobreza no se extienda dentro del sistema.<\/p>\n<p>Alguien (un sujeto individual o colectivo de cualquier nivel que sea, incluido un pa\u00eds, o un grupo de pa\u00edses de una regi\u00f3n del mundo) podr\u00eda \u201csalirse\u201d del mercado y seguir subsistiendo, pero ello implica dos condiciones b\u00e1sicas. Una, que se haga totalmente autosuficiente en el sentido de ser capaz de proveerse de todos los bienes y servicios que necesita; y dos, que limite sus necesidades exclusivamente a aquellas respecto de las cuales puede proveerse aut\u00f3nomamente de lo indispensable para satisfacerlas. Condiciones \u00e9stas que, si bien se las examina, implican sacrificios extremos para quienes intenten cumplirlas. \u201cOtra econom\u00eda\u201d que quiera hacerse independiente de las din\u00e1micas del mercado, deber\u00e1 asumir los costos que ello implica, y entre sus participantes deber\u00e1 construir su propio mercado, acentuando las interacciones e intercambios entre quienes la integran. En tales intercambios entre sus integrantes, como tambi\u00e9n en los intercambios que estos establezcan con los del mercado general, podr\u00e1 manifestarse la racionalidad diferente que las caracteriza, en cuanto act\u00faen y se relacionen manteniendo sus principios, sus valores, su \u00e9tica y sus modos propios de comportarse. Esto vale tambi\u00e9n para pa\u00edses completos que pretendan independizarse del mercado y de su crisis, e incluso para grupos de pa\u00edses de una entera regi\u00f3n.<\/p>\n<p>&#8212;&#8212;&#8212;&#8212;&#8212;&#8212;&#8212;&#8212;&#8212;&#8212;<\/p>\n<p><a href=\"#_ftnref1\" name=\"_ftn1\">[1]<\/a> Zygmunt Bauman. \u201cTiempos l\u00edquidos\u201d. Ed. Tusquets Editores, 2007. La expresi\u00f3n tiempo l\u00edquido, acu\u00f1ada por Zygmunt Bauman, intenta explicar el tr\u00e1nsito de una modernidad \u00abs\u00f3lida\u00bb \u2013estable, repetitiva\u2013 a una \u00abl\u00edquida\u00bb \u2013flexible, voluble\u2013 en la que las estructuras sociales ya no perduran el tiempo necesario para solidificarse y no sirven de marcos de referencia para los actos humanos. Pero la incertidumbre en que vivimos se debe tambi\u00e9n a otras: la separaci\u00f3n del poder y la pol\u00edtica; el debilitamiento de los sistemas de seguridad que proteg\u00edan al individuo, o la renuncia al pensamiento y a la planificaci\u00f3n a largo plazo: el olvido se presenta como condici\u00f3n del \u00e9xito. Este nuevo marco implica la fragmentaci\u00f3n de las vidas, exige a los individuos que sean flexibles, que est\u00e9n dispuestos a cambiar de t\u00e1cticas, a abandonar compromisos y lealtades. Bauman propone un acercamiento que no busca respuestas definitivas, \u201ccomo quien tantea para ver si hace pie antes de lanzarse a un r\u00edo que, sobre todo hoy, nunca es el mismo\u201d.<\/p>\n<p>&nbsp;<\/p>\n","protected":false},"excerpt":{"rendered":"<p>1.1.\u00a0\u00a0\u00a0\u00a0\u00a0\u00a0\u00a0\u00a0\u00a0\u00a0\u00a0 Crisis Econ\u00f3mica: \u00bfCrisis de mercado? \u00bfDel capitalismo? A menudo quienes aspiran o activamente se esfuerzan en construir \u201cotra econom\u00eda\u201d \u2013m\u00e1s justa, solidaria, no capitalista-, tienden a observar la econom\u00eda dominante como experimentando una crisis profunda, y esperan que de alg\u00fan modo sobrevenga un colapso, una demolici\u00f3n, una paralizaci\u00f3n del mercado, por efecto de su [&hellip;]<\/p>\n","protected":false},"author":1,"featured_media":3895,"comment_status":"closed","ping_status":"closed","sticky":false,"template":"","format":"standard","meta":{"footnotes":""},"categories":[208],"tags":[797,392],"class_list":["post-3893","post","type-post","status-publish","format-standard","has-post-thumbnail","hentry","category-eco-esfl","tag-crisis-economica-crisis-del-mercado-del-capitalismo","tag-economia-de-las-personas"],"_links":{"self":[{"href":"https:\/\/donoso.es\/index.php?rest_route=\/wp\/v2\/posts\/3893","targetHints":{"allow":["GET"]}}],"collection":[{"href":"https:\/\/donoso.es\/index.php?rest_route=\/wp\/v2\/posts"}],"about":[{"href":"https:\/\/donoso.es\/index.php?rest_route=\/wp\/v2\/types\/post"}],"author":[{"embeddable":true,"href":"https:\/\/donoso.es\/index.php?rest_route=\/wp\/v2\/users\/1"}],"replies":[{"embeddable":true,"href":"https:\/\/donoso.es\/index.php?rest_route=%2Fwp%2Fv2%2Fcomments&post=3893"}],"version-history":[{"count":2,"href":"https:\/\/donoso.es\/index.php?rest_route=\/wp\/v2\/posts\/3893\/revisions"}],"predecessor-version":[{"id":3897,"href":"https:\/\/donoso.es\/index.php?rest_route=\/wp\/v2\/posts\/3893\/revisions\/3897"}],"wp:featuredmedia":[{"embeddable":true,"href":"https:\/\/donoso.es\/index.php?rest_route=\/wp\/v2\/media\/3895"}],"wp:attachment":[{"href":"https:\/\/donoso.es\/index.php?rest_route=%2Fwp%2Fv2%2Fmedia&parent=3893"}],"wp:term":[{"taxonomy":"category","embeddable":true,"href":"https:\/\/donoso.es\/index.php?rest_route=%2Fwp%2Fv2%2Fcategories&post=3893"},{"taxonomy":"post_tag","embeddable":true,"href":"https:\/\/donoso.es\/index.php?rest_route=%2Fwp%2Fv2%2Ftags&post=3893"}],"curies":[{"name":"wp","href":"https:\/\/api.w.org\/{rel}","templated":true}]}}