{"id":4101,"date":"2026-09-04T09:37:38","date_gmt":"2026-09-04T07:37:38","guid":{"rendered":"https:\/\/donoso.es\/?p=4101"},"modified":"2026-09-04T09:37:38","modified_gmt":"2026-09-04T07:37:38","slug":"granatula-vuelve-a-su-origen-fiestas-de-la-virgen-de-oreto-y-zuqueca-2026","status":"publish","type":"post","link":"https:\/\/donoso.es\/?p=4101","title":{"rendered":"Gran\u00e1tula vuelve a su origen: Fiestas de la Virgen de Oreto y Zuqueca 2026"},"content":{"rendered":"<p><strong>Cr\u00f3nica del programa completo de los cultos y festejos patronales<\/strong><\/p>\n<p>Hay celebraciones que no necesitan presentaci\u00f3n porque viven en la memoria colectiva como un latido antiguo. En Gran\u00e1tula de Calatrava, ese latido tiene nombre propio: <strong>Nuestra Se\u00f1ora de Oreto y Zuqueca<\/strong>, Patrona y ra\u00edz espiritual de un pueblo que, cada septiembre, se reencuentra consigo mismo. Las fiestas de 2026 llegan envueltas en incienso, repiques de campana y ese aire solemne que solo poseen las tradiciones que han sobrevivido a los siglos.<\/p>\n<p><a href=\"https:\/\/donoso.es\/wp-content\/uploads\/2026\/09\/01-portada.jpg\"><img loading=\"lazy\" decoding=\"async\" class=\"size-large wp-image-4066 aligncenter\" src=\"https:\/\/donoso.es\/wp-content\/uploads\/2026\/09\/01-portada-721x1024.jpg\" alt=\"\" width=\"721\" height=\"1024\" srcset=\"https:\/\/donoso.es\/wp-content\/uploads\/2026\/09\/01-portada-721x1024.jpg 721w, https:\/\/donoso.es\/wp-content\/uploads\/2026\/09\/01-portada-211x300.jpg 211w, https:\/\/donoso.es\/wp-content\/uploads\/2026\/09\/01-portada-768x1090.jpg 768w, https:\/\/donoso.es\/wp-content\/uploads\/2026\/09\/01-portada.jpg 874w\" sizes=\"auto, (max-width: 721px) 100vw, 721px\" \/><\/a><\/p>\n<p>La Hermandad, en su saluda, recuerda que estas jornadas no son solo un calendario de actos, sino un ejercicio de identidad:<\/p>\n<p>\u201cHay una gran diferencia entre ser cofrade y sentirse cofrade\u201d.<\/p>\n<p>Y es precisamente ese sentimiento\u00a0\u2014esa mezcla de devoci\u00f3n, orgullo y ternura\u2014\u00a0\u00a0lo que convierte estas fiestas en un acontecimiento que trasciende lo religioso para convertirse en un abrazo comunitario.<\/p>\n<p><strong>El Novenario: nueve d\u00edas para mirar a Mar\u00eda desde dentro<\/strong><\/p>\n<p>Del 29 de agosto al 6 de septiembre, Gran\u00e1tula se recoge en torno al Solemne Novenario, que cada noche convoca al pueblo con el Santo Rosario (20:30) y la predicaci\u00f3n (21:00). Este a\u00f1o, el p\u00e1rroco \u00c1ngel Daniel de Toro Gonz\u00e1lez propone un itinerario espiritual centrado en \u201cConocer a Mar\u00eda\u201d, desgranando su figura desde la oraci\u00f3n, el Magn\u00edficat y las grandes afirmaciones de la Iglesia.<\/p>\n<p>Cada d\u00eda se acompa\u00f1a de una ofrenda tem\u00e1tica: ni\u00f1os, familias, j\u00f3venes, bautizados, asociaciones, difuntos, mayores y enfermos, autoridades y hermandades. Un novenario que, m\u00e1s que un rito, es una conversaci\u00f3n \u00edntima con la Madre.<\/p>\n<p><strong>7 de septiembre: v\u00edsperas, flores y la Salve de medianoche<\/strong><\/p>\n<p>El d\u00eda previo a la fiesta grande comienza con el repique de campanas (18:30), seguido de las Solemnes V\u00edsperas y Eucarist\u00eda (19:00) y la tradicional Ofrenda Floral. Cuando el reloj marca la medianoche, la parroquia se llena para cantar la Salve, ese himno que es casi un himno nacional granatule\u00f1o, capaz de poner un nudo en la garganta incluso a quienes viven lejos.<\/p>\n<p><strong>8 de septiembre: la Natividad de Mar\u00eda, d\u00eda mayor<\/strong><\/p>\n<p>A las 11:00, la parroquia de Santa Ana acoge la Misa Mayor, acompa\u00f1ada por la Rondalla Oretana con su Misa Manchega, que convierte la liturgia en un canto de tierra y memoria.<\/p>\n<p>Por la noche, a las 21:30, la imagen de la Virgen recorre las calles en la Solemne Procesi\u00f3n, escoltada por la Banda Arriaga y la Banda de Tambores y Cornetas Santa Ana. Al t\u00e9rmino, la Salve vuelve a sonar, esta vez bajo el cielo abierto, seguida de una colecci\u00f3n de fuegos artificiales que ilumina la plaza como si fuera un altar.<\/p>\n<p><strong>9 de septiembre: memoria y continuidad<\/strong><\/p>\n<p>La ma\u00f1ana se dedica a los Hermanos Difuntos (11:00), con la Misa R\u00e9quiem y el intercambio de insignias entre capitanes y abanderados salientes y entrantes. Despu\u00e9s, la Hermandad recorre las calles para recoger el tradicional pu\u00f1ao en casa de los nuevos responsables del a\u00f1o.<\/p>\n<p><strong>Festejos y concursos: la alegr\u00eda tambi\u00e9n es devoci\u00f3n<\/strong><\/p>\n<p>Gran\u00e1tula sabe que la fiesta es tambi\u00e9n convivencia, humor y m\u00fasica. Por eso, el programa civil ofrece actividades para todas las edades:<\/p>\n<p><u>S\u00e1bado 5 de septiembre<\/u><\/p>\n<ul>\n<li>Concurso de petanca<\/li>\n<li>Concurso de mus<\/li>\n<li>Trofeo de F\u00fatbol Sala Virgen de Zuqueca<\/li>\n<li>Verbena con la Orquesta SAMIL y bingo musical<\/li>\n<\/ul>\n<p><u>Domingo 6 de septiembre<\/u><\/p>\n<ul>\n<li>Concurso de cuatrola<\/li>\n<li>Trofeo de p\u00e1del<\/li>\n<li>Actuaci\u00f3n de la Rondalla Oretana con bailes manchegos<\/li>\n<li>Bingo<\/li>\n<\/ul>\n<p><u>Lunes 7 de septiembre<\/u><\/p>\n<ul>\n<li>Campeonato de domin\u00f3<\/li>\n<li>Tradicional pu\u00f1ao<\/li>\n<li>Verbena con Tr\u00edo Momart<\/li>\n<\/ul>\n<ul>\n<li>Fuegos artificiales<\/li>\n<\/ul>\n<p><u>Martes 8 de septiembre<\/u><\/p>\n<ul>\n<li>Diana floreada<\/li>\n<li>Pu\u00f1ao del Capit\u00e1n<\/li>\n<li>Tiro al blanco<\/li>\n<li>Baile del verm\u00fa<\/li>\n<li>Concurso de t\u00e1ngana<\/li>\n<\/ul>\n<ul>\n<li>Verbena con Grupo Musical Ares<\/li>\n<\/ul>\n<p><u>Cierre de fiestas<\/u><\/p>\n<p>Concursos infantiles, actuaci\u00f3n de Juan Carlos Garc\u00eda, elecci\u00f3n de Miss Simpat\u00eda, traca final y chocolatada con bizcochos.<\/p>\n<p><strong>Oreto-Zuqueca: la fiesta que nace de la tierra<\/strong><\/p>\n<p>Este a\u00f1o, el programa incorpora adem\u00e1s textos sobre el \u00c1rea Arqueol\u00f3gica de Oreto-Zuqueca, recientemente declarada Bien de Inter\u00e9s Cultural. Un recordatorio de que estas fiestas no solo honran a la Virgen, sino tambi\u00e9n a un territorio que guarda bajo su suelo siglos de historia: necr\u00f3polis romanas y visigodas, ba\u00f1os \u00e1rabes, iglesias paleocristianas y el antiguo priorato calatravo.<\/p>\n<p>La Virgen de Oreto y Zuqueca no es solo Patrona: es la heredera espiritual de una tierra que fue ciudad, obispado, villa romana y enclave medieval.<\/p>\n<p><strong>Conclusi\u00f3n: una fiesta que es un espejo<\/strong><\/p>\n<p>Gran\u00e1tula celebra a su Virgen como quien celebra a su propia madre: con respeto, con emoci\u00f3n y con esa mezcla de solemnidad y alegr\u00eda que solo se da en los pueblos que han sabido conservar su alma. Estas fiestas son un espejo en el que cada vecino se reconoce: en la fe, en la m\u00fasica, en los concursos, en la procesi\u00f3n, en el pu\u00f1ao, en la Salve, en la luz de los fuegos artificiales.<\/p>\n<p>Un a\u00f1o m\u00e1s, la Virgen vuelve a mirar a su pueblo. Y Gran\u00e1tula, como siempre, vuelve a mirarla a Ella.<\/p>\n<p>&nbsp;<\/p>\n","protected":false},"excerpt":{"rendered":"<p>Cr\u00f3nica del programa completo de los cultos y festejos patronales Hay celebraciones que no necesitan presentaci\u00f3n porque viven en la memoria colectiva como un latido antiguo. En Gran\u00e1tula de Calatrava, ese latido tiene nombre propio: Nuestra Se\u00f1ora de Oreto y Zuqueca, Patrona y ra\u00edz espiritual de un pueblo que, cada septiembre, se reencuentra consigo mismo. [&hellip;]<\/p>\n","protected":false},"author":1,"featured_media":3155,"comment_status":"closed","ping_status":"closed","sticky":false,"template":"","format":"standard","meta":{"footnotes":""},"categories":[34,805,370],"tags":[808,684,814,813,833],"class_list":["post-4101","post","type-post","status-publish","format-standard","has-post-thumbnail","hentry","category-granatula-de-calatrava","category-la-hora-de-cr","category-virgen-oreto","tag-808","tag-feria-y-fiestas","tag-la-hora-de-ciudad-real","tag-periodico","tag-virgen-de-oreto-y-zuqueca"],"_links":{"self":[{"href":"https:\/\/donoso.es\/index.php?rest_route=\/wp\/v2\/posts\/4101","targetHints":{"allow":["GET"]}}],"collection":[{"href":"https:\/\/donoso.es\/index.php?rest_route=\/wp\/v2\/posts"}],"about":[{"href":"https:\/\/donoso.es\/index.php?rest_route=\/wp\/v2\/types\/post"}],"author":[{"embeddable":true,"href":"https:\/\/donoso.es\/index.php?rest_route=\/wp\/v2\/users\/1"}],"replies":[{"embeddable":true,"href":"https:\/\/donoso.es\/index.php?rest_route=%2Fwp%2Fv2%2Fcomments&post=4101"}],"version-history":[{"count":1,"href":"https:\/\/donoso.es\/index.php?rest_route=\/wp\/v2\/posts\/4101\/revisions"}],"predecessor-version":[{"id":4102,"href":"https:\/\/donoso.es\/index.php?rest_route=\/wp\/v2\/posts\/4101\/revisions\/4102"}],"wp:featuredmedia":[{"embeddable":true,"href":"https:\/\/donoso.es\/index.php?rest_route=\/wp\/v2\/media\/3155"}],"wp:attachment":[{"href":"https:\/\/donoso.es\/index.php?rest_route=%2Fwp%2Fv2%2Fmedia&parent=4101"}],"wp:term":[{"taxonomy":"category","embeddable":true,"href":"https:\/\/donoso.es\/index.php?rest_route=%2Fwp%2Fv2%2Fcategories&post=4101"},{"taxonomy":"post_tag","embeddable":true,"href":"https:\/\/donoso.es\/index.php?rest_route=%2Fwp%2Fv2%2Ftags&post=4101"}],"curies":[{"name":"wp","href":"https:\/\/api.w.org\/{rel}","templated":true}]}}